{"id":3001,"date":"2024-06-23T19:57:02","date_gmt":"2024-06-23T17:57:02","guid":{"rendered":"https:\/\/gorydlamilosza.pl\/?p=3001"},"modified":"2024-06-23T19:57:02","modified_gmt":"2024-06-23T17:57:02","slug":"zibrid-strazovske-vrchy","status":"publish","type":"post","link":"https:\/\/gorydlamilosza.pl\/index.php\/2024\/06\/23\/zibrid-strazovske-vrchy\/","title":{"rendered":"Zibrid, Stra\u017covske vrchy"},"content":{"rendered":"\n<p>Przed nami dwa miesi\u0105ce wakacji. Plany jak zawsze s\u0105 bardzo ambitne, a harmonogram wycieczek zapisany do ostatniego dnia. Dzisiaj wyruszyli\u015bmy na S\u0142owacj\u0119 w g\u00f3ry Stra\u017cowskie (Stra\u017covske vrchy). To idealna trasa w tak upalny dzie\u0144 jak dzisiaj. Wi\u0119kszo\u015b\u0107 szlaku pokonujemy lasem, w kt\u00f3rym jest przyjemnie ch\u0142odno, a wychodzimy z niego na liczne punkty widokowe. Na jeden z nich trzeba by\u0142o si\u0119 wspi\u0105\u0107 po \u0142a\u0144cuchach, co by\u0142o du\u017cym wyzwaniem dla Mi\u0142osza. Dlaczego? Dla jednych to sztuczne u\u0142atwienia, kt\u00f3re umiej\u0119tnie wykorzystane powinny wyra\u017anie zmniejsza\u0107 poziom trudno\u015bci przej\u015bcia, a dla naszego syna stanowi to spory problem w poruszaniu si\u0119 w nieco trudnym terenie i wymagaj\u0105cych warunkach. To te\u017c spos\u00f3b na dodatkowe \u0107wiczenia i trening, kt\u00f3ry w przypadku choroby Mi\u0142osza jest niezb\u0119dny w jego codziennym \u017cyciu. <br><br>Do\u0142\u0105cz do akcji #g\u00f3rydlami\u0142osza i wesprzyj jego dalsze leczenie i rehabilitacj\u0119 na <a href=\"https:\/\/zrzutka.pl\/vejwdu\">zrzutce<\/a><\/p>\n","protected":false},"excerpt":{"rendered":"<p>Przed nami dwa miesi\u0105ce wakacji. Plany jak zawsze s\u0105 bardzo ambitne, a harmonogram wycieczek zapisany do ostatniego dnia. Dzisiaj wyruszyli\u015bmy na S\u0142owacj\u0119 w g\u00f3ry Stra\u017cowskie (Stra\u017covske vrchy). To idealna trasa w tak upalny dzie\u0144 jak dzisiaj. Wi\u0119kszo\u015b\u0107 szlaku pokonujemy lasem, w kt\u00f3rym jest przyjemnie ch\u0142odno, a wychodzimy z niego na liczne punkty widokowe. Na jeden z nich trzeba by\u0142o si\u0119 wspi\u0105\u0107 po \u0142a\u0144cuchach, co by\u0142o du\u017cym wyzwaniem dla Mi\u0142osza. Dlaczego? Dla jednych to sztuczne u\u0142atwienia, kt\u00f3re umiej\u0119tnie wykorzystane powinny wyra\u017anie zmniejsza\u0107 poziom trudno\u015bci przej\u015bcia, a dla naszego syna stanowi to spory problem w poruszaniu si\u0119 w nieco trudnym terenie i wymagaj\u0105cych warunkach. To te\u017c spos\u00f3b na dodatkowe \u0107wiczenia i trening, kt\u00f3ry w przypadku choroby Mi\u0142osza jest niezb\u0119dny w jego codziennym \u017cyciu. Do\u0142\u0105cz do akcji #g\u00f3rydlami\u0142osza i wesprzyj jego dalsze leczenie i rehabilitacj\u0119 na zrzutce<\/p>\n","protected":false},"author":1,"featured_media":3004,"comment_status":"open","ping_status":"open","sticky":false,"template":"","format":"standard","meta":{"footnotes":""},"categories":[4],"tags":[],"class_list":["post-3001","post","type-post","status-publish","format-standard","has-post-thumbnail","hentry","category-blog"],"_links":{"self":[{"href":"https:\/\/gorydlamilosza.pl\/index.php\/wp-json\/wp\/v2\/posts\/3001","targetHints":{"allow":["GET"]}}],"collection":[{"href":"https:\/\/gorydlamilosza.pl\/index.php\/wp-json\/wp\/v2\/posts"}],"about":[{"href":"https:\/\/gorydlamilosza.pl\/index.php\/wp-json\/wp\/v2\/types\/post"}],"author":[{"embeddable":true,"href":"https:\/\/gorydlamilosza.pl\/index.php\/wp-json\/wp\/v2\/users\/1"}],"replies":[{"embeddable":true,"href":"https:\/\/gorydlamilosza.pl\/index.php\/wp-json\/wp\/v2\/comments?post=3001"}],"version-history":[{"count":2,"href":"https:\/\/gorydlamilosza.pl\/index.php\/wp-json\/wp\/v2\/posts\/3001\/revisions"}],"predecessor-version":[{"id":3003,"href":"https:\/\/gorydlamilosza.pl\/index.php\/wp-json\/wp\/v2\/posts\/3001\/revisions\/3003"}],"wp:featuredmedia":[{"embeddable":true,"href":"https:\/\/gorydlamilosza.pl\/index.php\/wp-json\/wp\/v2\/media\/3004"}],"wp:attachment":[{"href":"https:\/\/gorydlamilosza.pl\/index.php\/wp-json\/wp\/v2\/media?parent=3001"}],"wp:term":[{"taxonomy":"category","embeddable":true,"href":"https:\/\/gorydlamilosza.pl\/index.php\/wp-json\/wp\/v2\/categories?post=3001"},{"taxonomy":"post_tag","embeddable":true,"href":"https:\/\/gorydlamilosza.pl\/index.php\/wp-json\/wp\/v2\/tags?post=3001"}],"curies":[{"name":"wp","href":"https:\/\/api.w.org\/{rel}","templated":true}]}}