{"id":3071,"date":"2024-10-20T21:34:07","date_gmt":"2024-10-20T19:34:07","guid":{"rendered":"https:\/\/gorydlamilosza.pl\/?p=3071"},"modified":"2024-10-20T21:36:44","modified_gmt":"2024-10-20T19:36:44","slug":"wielka-fatra-sidorovo","status":"publish","type":"post","link":"https:\/\/gorydlamilosza.pl\/index.php\/2024\/10\/20\/wielka-fatra-sidorovo\/","title":{"rendered":"Wielka Fatra, Sidorovo"},"content":{"rendered":"\n<p>Jesie\u0144 to chyba najpi\u0119kniejsza pora roku. A ju\u017c na pewno najbarwniejsza. Dlatego wybrali\u015bmy si\u0119 na S\u0142owacj\u0119 aby na szlakach Wielkiej Fatry podziwia\u0107 w pe\u0142ni kolory jesieni. Wr\u00f3cili\u015bmy w okolice gdzie miesi\u0105c temu spali\u015bmy na biwaku. Dzisiejsza trasa dla Mi\u0142osza okaza\u0142a si\u0119 du\u017cym wyzwaniem. Bardzo strome podej\u015bcia, ska\u0142y, lu\u017ane kamienie oraz korzenie. Z regu\u0142y omijamy takie szlaki. Niestety nie zawsze da si\u0119 przewiedzie\u0107 co dok\u0142adnie spotkamy na trasie. Dzisiaj poradzi\u0142 sobie bardzo dobrze. Zaliczy\u0142 tylko jedn\u0105 niegro\u017an\u0105 wywrotk\u0119 i to wcale nie przez wspomniane trudno\u015bci, a przez kijek, o kt\u00f3ry zahaczy\u0142 nog\u0105. Mam nadziej\u0119, \u017ce z\u0142ota s\u0142owacka jesie\u0144 jeszcze z nami zostanie i za tydzie\u0144 zn\u00f3w b\u0119dziemy mogli podziwia\u0107 jej pi\u0119kno.<\/p>\n\n\n\n<p><\/p>\n","protected":false},"excerpt":{"rendered":"<p>Jesie\u0144 to chyba najpi\u0119kniejsza pora roku. A ju\u017c na pewno najbarwniejsza. Dlatego wybrali\u015bmy si\u0119 na S\u0142owacj\u0119 aby na szlakach Wielkiej Fatry podziwia\u0107 w pe\u0142ni kolory jesieni. Wr\u00f3cili\u015bmy w okolice gdzie miesi\u0105c temu spali\u015bmy na biwaku. Dzisiejsza trasa dla Mi\u0142osza okaza\u0142a si\u0119 du\u017cym wyzwaniem. Bardzo strome podej\u015bcia, ska\u0142y, lu\u017ane kamienie oraz korzenie. Z regu\u0142y omijamy takie szlaki. Niestety nie zawsze da si\u0119 przewiedzie\u0107 co dok\u0142adnie spotkamy na trasie. Dzisiaj poradzi\u0142 sobie bardzo dobrze. Zaliczy\u0142 tylko jedn\u0105 niegro\u017an\u0105 wywrotk\u0119 i to wcale nie przez wspomniane trudno\u015bci, a przez kijek, o kt\u00f3ry zahaczy\u0142 nog\u0105. Mam nadziej\u0119, \u017ce z\u0142ota s\u0142owacka jesie\u0144 jeszcze z nami zostanie i za tydzie\u0144 zn\u00f3w b\u0119dziemy mogli podziwia\u0107 jej pi\u0119kno.<\/p>\n","protected":false},"author":1,"featured_media":3072,"comment_status":"open","ping_status":"open","sticky":false,"template":"","format":"standard","meta":{"footnotes":""},"categories":[4],"tags":[],"class_list":["post-3071","post","type-post","status-publish","format-standard","has-post-thumbnail","hentry","category-blog"],"_links":{"self":[{"href":"https:\/\/gorydlamilosza.pl\/index.php\/wp-json\/wp\/v2\/posts\/3071","targetHints":{"allow":["GET"]}}],"collection":[{"href":"https:\/\/gorydlamilosza.pl\/index.php\/wp-json\/wp\/v2\/posts"}],"about":[{"href":"https:\/\/gorydlamilosza.pl\/index.php\/wp-json\/wp\/v2\/types\/post"}],"author":[{"embeddable":true,"href":"https:\/\/gorydlamilosza.pl\/index.php\/wp-json\/wp\/v2\/users\/1"}],"replies":[{"embeddable":true,"href":"https:\/\/gorydlamilosza.pl\/index.php\/wp-json\/wp\/v2\/comments?post=3071"}],"version-history":[{"count":2,"href":"https:\/\/gorydlamilosza.pl\/index.php\/wp-json\/wp\/v2\/posts\/3071\/revisions"}],"predecessor-version":[{"id":3074,"href":"https:\/\/gorydlamilosza.pl\/index.php\/wp-json\/wp\/v2\/posts\/3071\/revisions\/3074"}],"wp:featuredmedia":[{"embeddable":true,"href":"https:\/\/gorydlamilosza.pl\/index.php\/wp-json\/wp\/v2\/media\/3072"}],"wp:attachment":[{"href":"https:\/\/gorydlamilosza.pl\/index.php\/wp-json\/wp\/v2\/media?parent=3071"}],"wp:term":[{"taxonomy":"category","embeddable":true,"href":"https:\/\/gorydlamilosza.pl\/index.php\/wp-json\/wp\/v2\/categories?post=3071"},{"taxonomy":"post_tag","embeddable":true,"href":"https:\/\/gorydlamilosza.pl\/index.php\/wp-json\/wp\/v2\/tags?post=3071"}],"curies":[{"name":"wp","href":"https:\/\/api.w.org\/{rel}","templated":true}]}}