{"id":3116,"date":"2025-01-01T17:59:38","date_gmt":"2025-01-01T16:59:38","guid":{"rendered":"https:\/\/gorydlamilosza.pl\/?p=3116"},"modified":"2025-01-01T17:59:38","modified_gmt":"2025-01-01T16:59:38","slug":"kalinovy-vrch-kysucke-beskydy-2","status":"publish","type":"post","link":"https:\/\/gorydlamilosza.pl\/index.php\/2025\/01\/01\/kalinovy-vrch-kysucke-beskydy-2\/","title":{"rendered":"Kalinovy vrch, Kysucke Beskydy"},"content":{"rendered":"\n<p>Witamy wszystkich w Nowym Roku! Dzisiejszy dzie\u0144 rozpocz\u0119li\u015bmy bardzo wcze\u015bnie bo ju\u017c kr\u00f3tko po 6 rano zerwali\u015bmy si\u0119 z \u0142\u00f3\u017cek aby m\u00f3c wyruszy\u0107 w g\u00f3ry. D\u017awi\u0119k budzika po nocy sylwestrowej to jak zimy prysznic. Nieco zaspani ale za to pe\u0142ni nadziei na wspania\u0142y dzie\u0144, ruszyli\u015bmy w kierunku S\u0142owacji. Nasz cel to Kalinowy vrch w Beskidzie Kysuckim, kt\u00f3ry znajduje si\u0119 na pograniczu polsko-s\u0142owackim. Zapowiada\u0142 si\u0119 do\u015b\u0107 ciep\u0142y i s\u0142oneczny dzie\u0144. Jednak kiedy dojechali\u015bmy na miejsce ca\u0142\u0105 okolic\u0119 spowija\u0142a g\u0119sta mg\u0142a, a porywisty wiatr pot\u0119gowa\u0142 uczucie zimna. Zrobi\u0142o si\u0119 tak zimno, \u017ce czuli\u015bmy jak mr\u00f3z szczypa\u0142 nas w uszy i policzki. Wydawa\u0142o si\u0119 \u017ce niewiele dzisiaj zobaczymy. Nic bardziej mylnego! Kiedy tylko weszli\u015bmy na szlak ukaza\u0142 si\u0119 przed nami wspania\u0142y widok zimowego krajobrazu g\u00f3r. Chocia\u017c trasa jest nam dobrze znana to po raz pierwszy byli\u015bmy tam zim\u0105. Co za widoki! Pierwsza wyprawa w sezonie 2025 zako\u0144czy\u0142a si\u0119 sukcesem. <\/p>\n","protected":false},"excerpt":{"rendered":"<p>Witamy wszystkich w Nowym Roku! Dzisiejszy dzie\u0144 rozpocz\u0119li\u015bmy bardzo wcze\u015bnie bo ju\u017c kr\u00f3tko po 6 rano zerwali\u015bmy si\u0119 z \u0142\u00f3\u017cek aby m\u00f3c wyruszy\u0107 w g\u00f3ry. D\u017awi\u0119k budzika po nocy sylwestrowej to jak zimy prysznic. Nieco zaspani ale za to pe\u0142ni nadziei na wspania\u0142y dzie\u0144, ruszyli\u015bmy w kierunku S\u0142owacji. Nasz cel to Kalinowy vrch w Beskidzie Kysuckim, kt\u00f3ry znajduje si\u0119 na pograniczu polsko-s\u0142owackim. Zapowiada\u0142 si\u0119 do\u015b\u0107 ciep\u0142y i s\u0142oneczny dzie\u0144. Jednak kiedy dojechali\u015bmy na miejsce ca\u0142\u0105 okolic\u0119 spowija\u0142a g\u0119sta mg\u0142a, a porywisty wiatr pot\u0119gowa\u0142 uczucie zimna. Zrobi\u0142o si\u0119 tak zimno, \u017ce czuli\u015bmy jak mr\u00f3z szczypa\u0142 nas w uszy i policzki. Wydawa\u0142o si\u0119 \u017ce niewiele dzisiaj zobaczymy. Nic bardziej mylnego! Kiedy tylko weszli\u015bmy na szlak ukaza\u0142 si\u0119 przed nami wspania\u0142y widok zimowego krajobrazu g\u00f3r. Chocia\u017c trasa jest nam dobrze znana to po raz pierwszy byli\u015bmy tam zim\u0105. Co za widoki! Pierwsza wyprawa w sezonie 2025 zako\u0144czy\u0142a si\u0119 sukcesem.<\/p>\n","protected":false},"author":1,"featured_media":3118,"comment_status":"open","ping_status":"open","sticky":false,"template":"","format":"standard","meta":{"footnotes":""},"categories":[4],"tags":[],"class_list":["post-3116","post","type-post","status-publish","format-standard","has-post-thumbnail","hentry","category-blog"],"_links":{"self":[{"href":"https:\/\/gorydlamilosza.pl\/index.php\/wp-json\/wp\/v2\/posts\/3116","targetHints":{"allow":["GET"]}}],"collection":[{"href":"https:\/\/gorydlamilosza.pl\/index.php\/wp-json\/wp\/v2\/posts"}],"about":[{"href":"https:\/\/gorydlamilosza.pl\/index.php\/wp-json\/wp\/v2\/types\/post"}],"author":[{"embeddable":true,"href":"https:\/\/gorydlamilosza.pl\/index.php\/wp-json\/wp\/v2\/users\/1"}],"replies":[{"embeddable":true,"href":"https:\/\/gorydlamilosza.pl\/index.php\/wp-json\/wp\/v2\/comments?post=3116"}],"version-history":[{"count":2,"href":"https:\/\/gorydlamilosza.pl\/index.php\/wp-json\/wp\/v2\/posts\/3116\/revisions"}],"predecessor-version":[{"id":3119,"href":"https:\/\/gorydlamilosza.pl\/index.php\/wp-json\/wp\/v2\/posts\/3116\/revisions\/3119"}],"wp:featuredmedia":[{"embeddable":true,"href":"https:\/\/gorydlamilosza.pl\/index.php\/wp-json\/wp\/v2\/media\/3118"}],"wp:attachment":[{"href":"https:\/\/gorydlamilosza.pl\/index.php\/wp-json\/wp\/v2\/media?parent=3116"}],"wp:term":[{"taxonomy":"category","embeddable":true,"href":"https:\/\/gorydlamilosza.pl\/index.php\/wp-json\/wp\/v2\/categories?post=3116"},{"taxonomy":"post_tag","embeddable":true,"href":"https:\/\/gorydlamilosza.pl\/index.php\/wp-json\/wp\/v2\/tags?post=3116"}],"curies":[{"name":"wp","href":"https:\/\/api.w.org\/{rel}","templated":true}]}}