{"id":3148,"date":"2025-04-13T18:41:10","date_gmt":"2025-04-13T16:41:10","guid":{"rendered":"https:\/\/gorydlamilosza.pl\/?p=3148"},"modified":"2025-04-13T18:41:10","modified_gmt":"2025-04-13T16:41:10","slug":"osly-vrch-oravska-magura","status":"publish","type":"post","link":"https:\/\/gorydlamilosza.pl\/index.php\/2025\/04\/13\/osly-vrch-oravska-magura\/","title":{"rendered":"Osly vrch, Oravska Magura"},"content":{"rendered":"\n<p>Dawno nie by\u0142em w g\u00f3rach. To moja 8 wycieczka g\u00f3rska w tym roku. Pogoda by\u0142a super s\u0142oneczna wia\u0142 wiatr. Jest wiosna moja ulubiona pora roku widzia\u0142em krokusy i topniej\u0105cy \u015bnieg. Zielono jest w g\u00f3rach. Widzia\u0142em pi\u0119kn\u0105 panoram\u0119. By\u0142em na S\u0142owacji tam jest du\u017co g\u00f3r. Na przerwie jad\u0142em p\u0105czki. Du\u017co biega\u0142em. Atrakcj\u0105 tej wycieczki by\u0142a hu\u015btawka kszta\u0142cie serca.<\/p>\n\n\n\n<p><\/p>\n","protected":false},"excerpt":{"rendered":"<p>Dawno nie by\u0142em w g\u00f3rach. To moja 8 wycieczka g\u00f3rska w tym roku. Pogoda by\u0142a super s\u0142oneczna wia\u0142 wiatr. Jest wiosna moja ulubiona pora roku widzia\u0142em krokusy i topniej\u0105cy \u015bnieg. Zielono jest w g\u00f3rach. Widzia\u0142em pi\u0119kn\u0105 panoram\u0119. By\u0142em na S\u0142owacji tam jest du\u017co g\u00f3r. Na przerwie jad\u0142em p\u0105czki. Du\u017co biega\u0142em. Atrakcj\u0105 tej wycieczki by\u0142a hu\u015btawka kszta\u0142cie serca.<\/p>\n","protected":false},"author":1,"featured_media":3149,"comment_status":"open","ping_status":"open","sticky":false,"template":"","format":"standard","meta":{"footnotes":""},"categories":[4],"tags":[],"class_list":["post-3148","post","type-post","status-publish","format-standard","has-post-thumbnail","hentry","category-blog"],"_links":{"self":[{"href":"https:\/\/gorydlamilosza.pl\/index.php\/wp-json\/wp\/v2\/posts\/3148","targetHints":{"allow":["GET"]}}],"collection":[{"href":"https:\/\/gorydlamilosza.pl\/index.php\/wp-json\/wp\/v2\/posts"}],"about":[{"href":"https:\/\/gorydlamilosza.pl\/index.php\/wp-json\/wp\/v2\/types\/post"}],"author":[{"embeddable":true,"href":"https:\/\/gorydlamilosza.pl\/index.php\/wp-json\/wp\/v2\/users\/1"}],"replies":[{"embeddable":true,"href":"https:\/\/gorydlamilosza.pl\/index.php\/wp-json\/wp\/v2\/comments?post=3148"}],"version-history":[{"count":1,"href":"https:\/\/gorydlamilosza.pl\/index.php\/wp-json\/wp\/v2\/posts\/3148\/revisions"}],"predecessor-version":[{"id":3150,"href":"https:\/\/gorydlamilosza.pl\/index.php\/wp-json\/wp\/v2\/posts\/3148\/revisions\/3150"}],"wp:featuredmedia":[{"embeddable":true,"href":"https:\/\/gorydlamilosza.pl\/index.php\/wp-json\/wp\/v2\/media\/3149"}],"wp:attachment":[{"href":"https:\/\/gorydlamilosza.pl\/index.php\/wp-json\/wp\/v2\/media?parent=3148"}],"wp:term":[{"taxonomy":"category","embeddable":true,"href":"https:\/\/gorydlamilosza.pl\/index.php\/wp-json\/wp\/v2\/categories?post=3148"},{"taxonomy":"post_tag","embeddable":true,"href":"https:\/\/gorydlamilosza.pl\/index.php\/wp-json\/wp\/v2\/tags?post=3148"}],"curies":[{"name":"wp","href":"https:\/\/api.w.org\/{rel}","templated":true}]}}