{"id":3156,"date":"2025-04-27T19:30:23","date_gmt":"2025-04-27T17:30:23","guid":{"rendered":"https:\/\/gorydlamilosza.pl\/?p=3156"},"modified":"2025-04-27T19:30:23","modified_gmt":"2025-04-27T17:30:23","slug":"hoblik-mala-fatra","status":"publish","type":"post","link":"https:\/\/gorydlamilosza.pl\/index.php\/2025\/04\/27\/hoblik-mala-fatra\/","title":{"rendered":"Hoblik, Ma\u0142a Fatra"},"content":{"rendered":"\n<p>By\u0142em na S\u0142owacji w g\u00f3rach. Odwiedzi\u0142em Ma\u0142\u0105 Fatr\u0119. Zdoby\u0142em szczyt Hoblik. Na trasie by\u0142a \u0142awka na skale z widokiem na g\u00f3ry. By\u0142o stromo pod g\u00f3rk\u0119 i z g\u00f3rki ale da\u0142em sobie rad\u0119. Jest ju\u017c bardzo zielono i ciep\u0142o. Lubi\u0119 wiosn\u0119. W zeszycie wypraw mam ju\u017c zapisanych 11 wycieczek policzy\u0142em \u017ce przeszed\u0142em 110 km w tym roku w g\u00f3rach. To by\u0142a wyj\u0105tkowa wycieczka g\u00f3rska z pi\u0119knymi widokami.<\/p>\n","protected":false},"excerpt":{"rendered":"<p>By\u0142em na S\u0142owacji w g\u00f3rach. Odwiedzi\u0142em Ma\u0142\u0105 Fatr\u0119. Zdoby\u0142em szczyt Hoblik. Na trasie by\u0142a \u0142awka na skale z widokiem na g\u00f3ry. By\u0142o stromo pod g\u00f3rk\u0119 i z g\u00f3rki ale da\u0142em sobie rad\u0119. Jest ju\u017c bardzo zielono i ciep\u0142o. Lubi\u0119 wiosn\u0119. W zeszycie wypraw mam ju\u017c zapisanych 11 wycieczek policzy\u0142em \u017ce przeszed\u0142em 110 km w tym roku w g\u00f3rach. To by\u0142a wyj\u0105tkowa wycieczka g\u00f3rska z pi\u0119knymi widokami.<\/p>\n","protected":false},"author":1,"featured_media":3157,"comment_status":"open","ping_status":"open","sticky":false,"template":"","format":"standard","meta":{"footnotes":""},"categories":[4],"tags":[],"class_list":["post-3156","post","type-post","status-publish","format-standard","has-post-thumbnail","hentry","category-blog"],"_links":{"self":[{"href":"https:\/\/gorydlamilosza.pl\/index.php\/wp-json\/wp\/v2\/posts\/3156","targetHints":{"allow":["GET"]}}],"collection":[{"href":"https:\/\/gorydlamilosza.pl\/index.php\/wp-json\/wp\/v2\/posts"}],"about":[{"href":"https:\/\/gorydlamilosza.pl\/index.php\/wp-json\/wp\/v2\/types\/post"}],"author":[{"embeddable":true,"href":"https:\/\/gorydlamilosza.pl\/index.php\/wp-json\/wp\/v2\/users\/1"}],"replies":[{"embeddable":true,"href":"https:\/\/gorydlamilosza.pl\/index.php\/wp-json\/wp\/v2\/comments?post=3156"}],"version-history":[{"count":1,"href":"https:\/\/gorydlamilosza.pl\/index.php\/wp-json\/wp\/v2\/posts\/3156\/revisions"}],"predecessor-version":[{"id":3158,"href":"https:\/\/gorydlamilosza.pl\/index.php\/wp-json\/wp\/v2\/posts\/3156\/revisions\/3158"}],"wp:featuredmedia":[{"embeddable":true,"href":"https:\/\/gorydlamilosza.pl\/index.php\/wp-json\/wp\/v2\/media\/3157"}],"wp:attachment":[{"href":"https:\/\/gorydlamilosza.pl\/index.php\/wp-json\/wp\/v2\/media?parent=3156"}],"wp:term":[{"taxonomy":"category","embeddable":true,"href":"https:\/\/gorydlamilosza.pl\/index.php\/wp-json\/wp\/v2\/categories?post=3156"},{"taxonomy":"post_tag","embeddable":true,"href":"https:\/\/gorydlamilosza.pl\/index.php\/wp-json\/wp\/v2\/tags?post=3156"}],"curies":[{"name":"wp","href":"https:\/\/api.w.org\/{rel}","templated":true}]}}