{"id":429,"date":"2021-06-03T19:07:00","date_gmt":"2021-06-03T17:07:00","guid":{"rendered":"http:\/\/wordpress2225437.home.pl\/palaszewski\/?p=429"},"modified":"2022-09-14T19:08:59","modified_gmt":"2022-09-14T17:08:59","slug":"aktywny-wypoczynek-2","status":"publish","type":"post","link":"https:\/\/gorydlamilosza.pl\/index.php\/2021\/06\/03\/aktywny-wypoczynek-2\/","title":{"rendered":"aktywny wypoczynek"},"content":{"rendered":"\n<p>Jak min\u0105\u0142 wam pierwszy dzie\u0144 d\u0142ugiego weekendu? Bo nam wspaniale! Czas wolny wykorzystali\u015bmy na wyjazd w g\u00f3ry i musz\u0119 wam powiedzie\u0107, \u017ce jestem zachwycona tym co widzia\u0142am. Na szlak wybrali\u015bmy si\u0119 nieco wcze\u015bniej ni\u017c zazwyczaj. I ca\u0142e szcz\u0119\u015bcie. G\u00f3ry dzisiaj by\u0142y obl\u0119\u017cone. Mi\u0142osz mia\u0142 wyj\u0105tkowo dobr\u0105 form\u0119. Na trasie wyprzedzi\u0142 kilkana\u015bcie doros\u0142ych os\u00f3b! I tak dotarli\u015bmy na Hal\u0119 Jod\u0142owcow\u0105 u podn\u00f3\u017ca Pilska. Tury\u015bci tutaj si\u0119 nie zatrzymuj\u0105. P\u0119dz\u0105 dalej na Pilsko. Uwa\u017cam, \u017ce nies\u0142usznie. Jak dla mnie, to jedna najbardziej widokowych hal w Beskidzie \u017bywiecki. Pod warunkiem, \u017ce wdrapiemy si\u0119 nieco wy\u017cej gdzie szlak ju\u017c nie prowadzi. Mi\u0142osz by\u0142 dzisiaj w swoim \u017cywiole. Zaraz po zjedzonym posi\u0142ku urz\u0105dzi\u0142 sobie\u2026 tor przeszk\u00f3d!<\/p>\n\n\n\n<figure class=\"wp-block-gallery has-nested-images columns-default is-cropped wp-block-gallery-1 is-layout-flex wp-block-gallery-is-layout-flex\">\n<figure class=\"wp-block-image size-large\"><img loading=\"lazy\" decoding=\"async\" width=\"1024\" height=\"683\" data-id=\"432\" src=\"http:\/\/wordpress2225437.home.pl\/palaszewski\/wp-content\/uploads\/2022\/09\/IMG_3517-1140x760-1-1024x683.jpg\" alt=\"\" class=\"wp-image-432\" srcset=\"https:\/\/gorydlamilosza.pl\/wp-content\/uploads\/2022\/09\/IMG_3517-1140x760-1-1024x683.jpg 1024w, https:\/\/gorydlamilosza.pl\/wp-content\/uploads\/2022\/09\/IMG_3517-1140x760-1-300x200.jpg 300w, https:\/\/gorydlamilosza.pl\/wp-content\/uploads\/2022\/09\/IMG_3517-1140x760-1-768x512.jpg 768w, https:\/\/gorydlamilosza.pl\/wp-content\/uploads\/2022\/09\/IMG_3517-1140x760-1.jpg 1140w\" sizes=\"auto, (max-width: 1024px) 100vw, 1024px\" \/><\/figure>\n\n\n\n<figure class=\"wp-block-image size-large\"><img loading=\"lazy\" decoding=\"async\" width=\"1024\" height=\"683\" data-id=\"431\" src=\"http:\/\/wordpress2225437.home.pl\/palaszewski\/wp-content\/uploads\/2022\/09\/IMG_3533-1140x760-1-1024x683.jpg\" alt=\"\" class=\"wp-image-431\" srcset=\"https:\/\/gorydlamilosza.pl\/wp-content\/uploads\/2022\/09\/IMG_3533-1140x760-1-1024x683.jpg 1024w, https:\/\/gorydlamilosza.pl\/wp-content\/uploads\/2022\/09\/IMG_3533-1140x760-1-300x200.jpg 300w, https:\/\/gorydlamilosza.pl\/wp-content\/uploads\/2022\/09\/IMG_3533-1140x760-1-768x512.jpg 768w, https:\/\/gorydlamilosza.pl\/wp-content\/uploads\/2022\/09\/IMG_3533-1140x760-1.jpg 1140w\" sizes=\"auto, (max-width: 1024px) 100vw, 1024px\" \/><\/figure>\n\n\n\n<figure class=\"wp-block-image size-large\"><img loading=\"lazy\" decoding=\"async\" width=\"1024\" height=\"683\" data-id=\"433\" src=\"http:\/\/wordpress2225437.home.pl\/palaszewski\/wp-content\/uploads\/2022\/09\/IMG_3613-1140x760-1-1024x683.jpg\" alt=\"\" class=\"wp-image-433\" srcset=\"https:\/\/gorydlamilosza.pl\/wp-content\/uploads\/2022\/09\/IMG_3613-1140x760-1-1024x683.jpg 1024w, https:\/\/gorydlamilosza.pl\/wp-content\/uploads\/2022\/09\/IMG_3613-1140x760-1-300x200.jpg 300w, https:\/\/gorydlamilosza.pl\/wp-content\/uploads\/2022\/09\/IMG_3613-1140x760-1-768x512.jpg 768w, https:\/\/gorydlamilosza.pl\/wp-content\/uploads\/2022\/09\/IMG_3613-1140x760-1.jpg 1140w\" sizes=\"auto, (max-width: 1024px) 100vw, 1024px\" \/><\/figure>\n<\/figure>\n","protected":false},"excerpt":{"rendered":"<p>Jak min\u0105\u0142 wam pierwszy dzie\u0144 d\u0142ugiego weekendu? Bo nam wspaniale! Czas wolny wykorzystali\u015bmy na wyjazd w g\u00f3ry i musz\u0119 wam powiedzie\u0107, \u017ce jestem zachwycona tym co widzia\u0142am. Na szlak wybrali\u015bmy si\u0119 nieco wcze\u015bniej ni\u017c zazwyczaj. I ca\u0142e szcz\u0119\u015bcie. G\u00f3ry dzisiaj by\u0142y obl\u0119\u017cone.<\/p>\n","protected":false},"author":1,"featured_media":430,"comment_status":"open","ping_status":"open","sticky":false,"template":"","format":"standard","meta":{"footnotes":""},"categories":[4],"tags":[],"class_list":["post-429","post","type-post","status-publish","format-standard","has-post-thumbnail","hentry","category-blog"],"_links":{"self":[{"href":"https:\/\/gorydlamilosza.pl\/index.php\/wp-json\/wp\/v2\/posts\/429","targetHints":{"allow":["GET"]}}],"collection":[{"href":"https:\/\/gorydlamilosza.pl\/index.php\/wp-json\/wp\/v2\/posts"}],"about":[{"href":"https:\/\/gorydlamilosza.pl\/index.php\/wp-json\/wp\/v2\/types\/post"}],"author":[{"embeddable":true,"href":"https:\/\/gorydlamilosza.pl\/index.php\/wp-json\/wp\/v2\/users\/1"}],"replies":[{"embeddable":true,"href":"https:\/\/gorydlamilosza.pl\/index.php\/wp-json\/wp\/v2\/comments?post=429"}],"version-history":[{"count":1,"href":"https:\/\/gorydlamilosza.pl\/index.php\/wp-json\/wp\/v2\/posts\/429\/revisions"}],"predecessor-version":[{"id":434,"href":"https:\/\/gorydlamilosza.pl\/index.php\/wp-json\/wp\/v2\/posts\/429\/revisions\/434"}],"wp:featuredmedia":[{"embeddable":true,"href":"https:\/\/gorydlamilosza.pl\/index.php\/wp-json\/wp\/v2\/media\/430"}],"wp:attachment":[{"href":"https:\/\/gorydlamilosza.pl\/index.php\/wp-json\/wp\/v2\/media?parent=429"}],"wp:term":[{"taxonomy":"category","embeddable":true,"href":"https:\/\/gorydlamilosza.pl\/index.php\/wp-json\/wp\/v2\/categories?post=429"},{"taxonomy":"post_tag","embeddable":true,"href":"https:\/\/gorydlamilosza.pl\/index.php\/wp-json\/wp\/v2\/tags?post=429"}],"curies":[{"name":"wp","href":"https:\/\/api.w.org\/{rel}","templated":true}]}}