{"id":510,"date":"2021-01-14T11:24:00","date_gmt":"2021-01-14T10:24:00","guid":{"rendered":"http:\/\/wordpress2225437.home.pl\/palaszewski\/?p=510"},"modified":"2022-09-15T11:28:00","modified_gmt":"2022-09-15T09:28:00","slug":"podaruj-1-podatku-dla-milosza-2","status":"publish","type":"post","link":"https:\/\/gorydlamilosza.pl\/index.php\/2021\/01\/14\/podaruj-1-podatku-dla-milosza-2\/","title":{"rendered":"podaruj 1% podatku dla Mi\u0142osza"},"content":{"rendered":"\n<p>Wasz 1% to nowe mo\u017cliwo\u015bci: to dodatkowe terapie, zaj\u0119cia i wizyty u specjalist\u00f3w, to te\u017c codzienne \u017cycie, kt\u00f3re przy chorobie dziecka jest ogromnym wyzwaniem.<\/p>\n\n\n\n<p><strong>KRS: 0000186434<br>cel szczeg\u00f3\u0142owy: Pa\u0142aszewski Mi\u0142osz 282\/P<br>e-pity:&nbsp;<a href=\"https:\/\/bit.ly\/35F9r0D\" target=\"_blank\" rel=\"noreferrer noopener\">https:\/\/bit.ly\/35F9r0D<\/a><\/strong><\/p>\n\n\n\n<p>Kolejne sukcesy Mi\u0142osza robi\u0105 wra\u017cenie na niejednej osobie. Ja sama jestem z niego bardzo dumna. Za nami 8 lat trudnej i nier\u00f3wnej walki o samodzielno\u015b\u0107 naszego dziecka. Ten czas min\u0105\u0142 nam w mgnieniu oka. Ostatnie miesi\u0105ce to r\u00f3wnie\u017c czas nieko\u0144cz\u0105cej si\u0119 pandemii z ograniczon\u0105 dost\u0119pno\u015bci\u0105 do zaj\u0119\u0107, terapeut\u00f3w, specjalist\u00f3w itp. Na naszych barkach spoczywa ogromna odpowiedzialno\u015b\u0107 nie tylko za wychowanie, ale tak\u017ce za terapi\u0119 i rehabilitacj\u0119 naszego dziecka w warunkach domowych, kt\u00f3re wymaga systematycznej pracy i indywidualnego podej\u015bcia.<\/p>\n\n\n\n<p>To dobry moment aby spojrze\u0107 wstecz na te osiem lat, przypomnie\u0107 sobie i wam pocz\u0105tki naszej walki. Nigdy nie zapomn\u0119 jego w\u0105t\u0142ego cia\u0142a, drobnych n\u00f3\u017cek wielko\u015bci palca taty. Kiedy si\u0119 urodzi\u0142 przez d\u0142ugi czas nie potrafi\u0142 nawet samodzielnie oddycha\u0107. Ostatni szpital opu\u015bci\u0142 w pi\u0105tym miesi\u0105cu \u017cycia i od tego czasu jest nieustannie rehabilitowany. Cho\u0107 od pocz\u0105tku da\u0142o si\u0119 zauwa\u017cy\u0107 potencja\u0142 dziecka to przez pierwszy rok terapia nie przynosi\u0142a wielkich sukces\u00f3w. Dopiero w dziewi\u0105tym miesi\u0105cu \u017cycia zacz\u0105\u0142 unosi\u0107 g\u0142\u00f3wk\u0119, miesi\u0105c p\u00f3\u017aniej siedzia\u0142 przez chwil\u0119 bez podtrzymania, a samodzielnie siada\u0107 zacz\u0105\u0142 dopiero kiedy sko\u0144czy\u0142 12 miesi\u0119cy. Rok p\u00f3\u017aniej postawi\u0142 pierwsze samodzielne kroki.<\/p>\n\n\n\n<p>Dzisiaj to u\u015bmiechni\u0119ty i radosny ch\u0142opiec, ucze\u0144 1 klasy niepublicznej szko\u0142y podstawowej z oddzia\u0142ami integracyjnymi i specjalnymi, wspinaj\u0105cy si\u0119 na \u015bciance, lubi\u0105cy d\u0142ugie i kilkudniowe g\u00f3rskie w\u0119dr\u00f3wki, to dziecko, kt\u00f3re nauczy\u0142o si\u0119 p\u0142ywa\u0107, nurkowa\u0107, je\u017adzi\u0107 na rowerze (na dw\u00f3ch k\u00f3\u0142kach!). Pomimo zdiagnozowanej niepe\u0142nosprawno\u015bci intelektualnej potrafi czyta\u0107, pisa\u0107 i liczy\u0107 do 20. Tym co potrafi zaskakuje nie tyle nas, co lekarzy i terapeut\u00f3w. Zw\u0142aszcza tych, kt\u00f3rzy znaj\u0105 go od urodzenia. W takiej sytuacji \u0142atwo mo\u017cna zapomnie\u0107, \u017ce to nadal ch\u0142opiec z mniejszymi i wi\u0119kszymi problemami, wymagaj\u0105cy sta\u0142ego wsparcia i pomocy. Ograniczenie samodzielno\u015bci fizycznej dziecka w zakresie motoryki ma\u0142ej widoczne jest we wszystkich obszarach jego funkcjonowania w \u017cyciu codziennym (diagnoza: m\u00f3zgowe pora\u017cenie dzieci\u0119ce, niedow\u0142ad lewostronny, s\u0142abowidzenie). Z jednej strony nasza pomoc jest naprawd\u0119 niewielka, ale z drugiej strony bez tej odrobiny wsparcia nie zrobi kolejnego kroku. To w\u0142a\u015bnie dlatego ponownie zwracamy si\u0119 do was z pro\u015bb\u0105 o przekazanie swojego 1% na rzecz naszego syna. Droga do samodzielno\u015bci Mi\u0142osza jest jeszcze d\u0142uga jednak z wami b\u0119dzie nam \u0142atwiej j\u0105 pokona\u0107. To dla nas wyzwanie i plan na kilka kolejnych lat.<\/p>\n\n\n\n<p>KRS: 0000186434<br>cel szczeg\u00f3\u0142owy: Pa\u0142aszewski Mi\u0142osz 282\/P<br>e-pity:&nbsp;<a href=\"https:\/\/bit.ly\/35F9r0D\" target=\"_blank\" rel=\"noreferrer noopener\">https:\/\/bit.ly\/35F9r0D<\/a><a rel=\"noreferrer noopener\" href=\"https:\/\/bit.ly\/3ayxCh7\" target=\"_blank\">h<\/a><\/p>\n\n\n\n<figure class=\"wp-block-gallery has-nested-images columns-default is-cropped wp-block-gallery-1 is-layout-flex wp-block-gallery-is-layout-flex\">\n<figure class=\"wp-block-image size-large\"><img loading=\"lazy\" decoding=\"async\" width=\"1024\" height=\"683\" data-id=\"512\" src=\"http:\/\/wordpress2225437.home.pl\/palaszewski\/wp-content\/uploads\/2022\/09\/Milosz-skrajny-wczesnia-1024x683.jpg\" alt=\"\" class=\"wp-image-512\" srcset=\"https:\/\/gorydlamilosza.pl\/wp-content\/uploads\/2022\/09\/Milosz-skrajny-wczesnia-1024x683.jpg 1024w, https:\/\/gorydlamilosza.pl\/wp-content\/uploads\/2022\/09\/Milosz-skrajny-wczesnia-300x200.jpg 300w, https:\/\/gorydlamilosza.pl\/wp-content\/uploads\/2022\/09\/Milosz-skrajny-wczesnia-768x512.jpg 768w, https:\/\/gorydlamilosza.pl\/wp-content\/uploads\/2022\/09\/Milosz-skrajny-wczesnia.jpg 1140w\" sizes=\"auto, (max-width: 1024px) 100vw, 1024px\" \/><\/figure>\n\n\n\n<figure class=\"wp-block-image size-large\"><img loading=\"lazy\" decoding=\"async\" width=\"1024\" height=\"684\" data-id=\"513\" src=\"http:\/\/wordpress2225437.home.pl\/palaszewski\/wp-content\/uploads\/2022\/09\/pierwszy-dzien-w-szkole-1024x684.jpg\" alt=\"\" class=\"wp-image-513\" srcset=\"https:\/\/gorydlamilosza.pl\/wp-content\/uploads\/2022\/09\/pierwszy-dzien-w-szkole-1024x684.jpg 1024w, https:\/\/gorydlamilosza.pl\/wp-content\/uploads\/2022\/09\/pierwszy-dzien-w-szkole-300x200.jpg 300w, https:\/\/gorydlamilosza.pl\/wp-content\/uploads\/2022\/09\/pierwszy-dzien-w-szkole-768x513.jpg 768w, https:\/\/gorydlamilosza.pl\/wp-content\/uploads\/2022\/09\/pierwszy-dzien-w-szkole.jpg 1140w\" sizes=\"auto, (max-width: 1024px) 100vw, 1024px\" \/><\/figure>\n\n\n\n<figure class=\"wp-block-image size-large\"><img loading=\"lazy\" decoding=\"async\" width=\"1024\" height=\"683\" data-id=\"514\" src=\"http:\/\/wordpress2225437.home.pl\/palaszewski\/wp-content\/uploads\/2022\/09\/rower-1024x683.jpg\" alt=\"\" class=\"wp-image-514\" srcset=\"https:\/\/gorydlamilosza.pl\/wp-content\/uploads\/2022\/09\/rower-1024x683.jpg 1024w, https:\/\/gorydlamilosza.pl\/wp-content\/uploads\/2022\/09\/rower-300x200.jpg 300w, https:\/\/gorydlamilosza.pl\/wp-content\/uploads\/2022\/09\/rower-768x512.jpg 768w, https:\/\/gorydlamilosza.pl\/wp-content\/uploads\/2022\/09\/rower.jpg 1140w\" sizes=\"auto, (max-width: 1024px) 100vw, 1024px\" \/><\/figure>\n<\/figure>\n","protected":false},"excerpt":{"rendered":"<p>Wasz 1% to nowe mo\u017cliwo\u015bci: to dodatkowe terapie, zaj\u0119cia i wizyty u specjalist\u00f3w, to te\u017c codzienne \u017cycie, kt\u00f3re przy chorobie dziecka jest ogromnym wyzwaniem.<\/p>\n","protected":false},"author":1,"featured_media":511,"comment_status":"open","ping_status":"open","sticky":false,"template":"","format":"standard","meta":{"footnotes":""},"categories":[4],"tags":[],"class_list":["post-510","post","type-post","status-publish","format-standard","has-post-thumbnail","hentry","category-blog"],"_links":{"self":[{"href":"https:\/\/gorydlamilosza.pl\/index.php\/wp-json\/wp\/v2\/posts\/510","targetHints":{"allow":["GET"]}}],"collection":[{"href":"https:\/\/gorydlamilosza.pl\/index.php\/wp-json\/wp\/v2\/posts"}],"about":[{"href":"https:\/\/gorydlamilosza.pl\/index.php\/wp-json\/wp\/v2\/types\/post"}],"author":[{"embeddable":true,"href":"https:\/\/gorydlamilosza.pl\/index.php\/wp-json\/wp\/v2\/users\/1"}],"replies":[{"embeddable":true,"href":"https:\/\/gorydlamilosza.pl\/index.php\/wp-json\/wp\/v2\/comments?post=510"}],"version-history":[{"count":1,"href":"https:\/\/gorydlamilosza.pl\/index.php\/wp-json\/wp\/v2\/posts\/510\/revisions"}],"predecessor-version":[{"id":515,"href":"https:\/\/gorydlamilosza.pl\/index.php\/wp-json\/wp\/v2\/posts\/510\/revisions\/515"}],"wp:featuredmedia":[{"embeddable":true,"href":"https:\/\/gorydlamilosza.pl\/index.php\/wp-json\/wp\/v2\/media\/511"}],"wp:attachment":[{"href":"https:\/\/gorydlamilosza.pl\/index.php\/wp-json\/wp\/v2\/media?parent=510"}],"wp:term":[{"taxonomy":"category","embeddable":true,"href":"https:\/\/gorydlamilosza.pl\/index.php\/wp-json\/wp\/v2\/categories?post=510"},{"taxonomy":"post_tag","embeddable":true,"href":"https:\/\/gorydlamilosza.pl\/index.php\/wp-json\/wp\/v2\/tags?post=510"}],"curies":[{"name":"wp","href":"https:\/\/api.w.org\/{rel}","templated":true}]}}