{"id":607,"date":"2020-10-25T17:17:00","date_gmt":"2020-10-25T16:17:00","guid":{"rendered":"http:\/\/wordpress2225437.home.pl\/palaszewski\/?p=607"},"modified":"2022-09-15T17:19:09","modified_gmt":"2022-09-15T15:19:09","slug":"jesien-na-gorskim-szlaku","status":"publish","type":"post","link":"https:\/\/gorydlamilosza.pl\/index.php\/2020\/10\/25\/jesien-na-gorskim-szlaku\/","title":{"rendered":"jesie\u0144 na g\u00f3rskim szlaku"},"content":{"rendered":"\n<p>Po prawie dwumiesi\u0119cznej przerwie uda\u0142o nam si\u0119 wyjecha\u0107 na kr\u00f3tk\u0105 wycieczk\u0119 w g\u00f3ry. Nareszcie! Byli\u015bmy ju\u017c tak spragnieni g\u00f3rskich w\u0119dr\u00f3wek, \u017ce nie mia\u0142o wi\u0119kszego znaczenia gdzie pojedziemy i jaka b\u0119dzie pogoda. Ostatecznie pad\u0142o na Beskid \u017bywiecki i kr\u00f3tk\u0105 tras\u0119 na Krawc\u00f3w Wierch. Uwielbiam jesie\u0144 w g\u00f3rach. Od z\u0142otych, br\u0105zowych i \u017c\u00f3\u0142tych kolor\u00f3w li\u015bci mo\u017cna dosta\u0107 zawrotu g\u0142owy. Tylko b\u0142ota by\u0142o zdecydowanie za du\u017co. Po takiej wycieczce cz\u0142owiek od razu czuje si\u0119 lepiej. Mo\u017ce dlatego, \u017ce na szlaku mo\u017cna wreszcie odetchn\u0105\u0107 pe\u0142n\u0105 piersi\u0105 (bez maseczki!) i zapomnie\u0107 chocia\u017c na chwil\u0119 o szalej\u0105cej wok\u00f3\u0142 pandemii. Do zobaczenia na nast\u0119pnej wyprawie!<\/p>\n\n\n\n<figure class=\"wp-block-gallery has-nested-images columns-default is-cropped wp-block-gallery-1 is-layout-flex wp-block-gallery-is-layout-flex\">\n<figure class=\"wp-block-image size-large\"><img loading=\"lazy\" decoding=\"async\" width=\"1024\" height=\"683\" data-id=\"610\" src=\"http:\/\/wordpress2225437.home.pl\/palaszewski\/wp-content\/uploads\/2022\/09\/IMG_7901-1140x760-1-1024x683.jpg\" alt=\"\" class=\"wp-image-610\" srcset=\"https:\/\/gorydlamilosza.pl\/wp-content\/uploads\/2022\/09\/IMG_7901-1140x760-1-1024x683.jpg 1024w, https:\/\/gorydlamilosza.pl\/wp-content\/uploads\/2022\/09\/IMG_7901-1140x760-1-300x200.jpg 300w, https:\/\/gorydlamilosza.pl\/wp-content\/uploads\/2022\/09\/IMG_7901-1140x760-1-768x512.jpg 768w, https:\/\/gorydlamilosza.pl\/wp-content\/uploads\/2022\/09\/IMG_7901-1140x760-1.jpg 1140w\" sizes=\"auto, (max-width: 1024px) 100vw, 1024px\" \/><\/figure>\n\n\n\n<figure class=\"wp-block-image size-large\"><img loading=\"lazy\" decoding=\"async\" width=\"1024\" height=\"683\" data-id=\"611\" src=\"http:\/\/wordpress2225437.home.pl\/palaszewski\/wp-content\/uploads\/2022\/09\/IMG_7953-1140x760-1-1024x683.jpg\" alt=\"\" class=\"wp-image-611\" srcset=\"https:\/\/gorydlamilosza.pl\/wp-content\/uploads\/2022\/09\/IMG_7953-1140x760-1-1024x683.jpg 1024w, https:\/\/gorydlamilosza.pl\/wp-content\/uploads\/2022\/09\/IMG_7953-1140x760-1-300x200.jpg 300w, https:\/\/gorydlamilosza.pl\/wp-content\/uploads\/2022\/09\/IMG_7953-1140x760-1-768x512.jpg 768w, https:\/\/gorydlamilosza.pl\/wp-content\/uploads\/2022\/09\/IMG_7953-1140x760-1.jpg 1140w\" sizes=\"auto, (max-width: 1024px) 100vw, 1024px\" \/><\/figure>\n\n\n\n<figure class=\"wp-block-image size-large\"><img loading=\"lazy\" decoding=\"async\" width=\"1024\" height=\"683\" data-id=\"609\" src=\"http:\/\/wordpress2225437.home.pl\/palaszewski\/wp-content\/uploads\/2022\/09\/IMG_8056-1140x760-1-1024x683.jpg\" alt=\"\" class=\"wp-image-609\" srcset=\"https:\/\/gorydlamilosza.pl\/wp-content\/uploads\/2022\/09\/IMG_8056-1140x760-1-1024x683.jpg 1024w, https:\/\/gorydlamilosza.pl\/wp-content\/uploads\/2022\/09\/IMG_8056-1140x760-1-300x200.jpg 300w, https:\/\/gorydlamilosza.pl\/wp-content\/uploads\/2022\/09\/IMG_8056-1140x760-1-768x512.jpg 768w, https:\/\/gorydlamilosza.pl\/wp-content\/uploads\/2022\/09\/IMG_8056-1140x760-1.jpg 1140w\" sizes=\"auto, (max-width: 1024px) 100vw, 1024px\" \/><\/figure>\n<\/figure>\n","protected":false},"excerpt":{"rendered":"<p>Po prawie dwumiesi\u0119cznej przerwie uda\u0142o nam si\u0119 wyjecha\u0107 na kr\u00f3tk\u0105 wycieczk\u0119 w g\u00f3ry. Nareszcie! Byli\u015bmy ju\u017c tak spragnieni g\u00f3rskich w\u0119dr\u00f3wek, \u017ce nie mia\u0142o wi\u0119kszego znaczenia gdzie pojedziemy i jaka b\u0119dzie pogoda.<\/p>\n","protected":false},"author":1,"featured_media":608,"comment_status":"open","ping_status":"open","sticky":false,"template":"","format":"standard","meta":{"footnotes":""},"categories":[4],"tags":[],"class_list":["post-607","post","type-post","status-publish","format-standard","has-post-thumbnail","hentry","category-blog"],"_links":{"self":[{"href":"https:\/\/gorydlamilosza.pl\/index.php\/wp-json\/wp\/v2\/posts\/607","targetHints":{"allow":["GET"]}}],"collection":[{"href":"https:\/\/gorydlamilosza.pl\/index.php\/wp-json\/wp\/v2\/posts"}],"about":[{"href":"https:\/\/gorydlamilosza.pl\/index.php\/wp-json\/wp\/v2\/types\/post"}],"author":[{"embeddable":true,"href":"https:\/\/gorydlamilosza.pl\/index.php\/wp-json\/wp\/v2\/users\/1"}],"replies":[{"embeddable":true,"href":"https:\/\/gorydlamilosza.pl\/index.php\/wp-json\/wp\/v2\/comments?post=607"}],"version-history":[{"count":1,"href":"https:\/\/gorydlamilosza.pl\/index.php\/wp-json\/wp\/v2\/posts\/607\/revisions"}],"predecessor-version":[{"id":612,"href":"https:\/\/gorydlamilosza.pl\/index.php\/wp-json\/wp\/v2\/posts\/607\/revisions\/612"}],"wp:featuredmedia":[{"embeddable":true,"href":"https:\/\/gorydlamilosza.pl\/index.php\/wp-json\/wp\/v2\/media\/608"}],"wp:attachment":[{"href":"https:\/\/gorydlamilosza.pl\/index.php\/wp-json\/wp\/v2\/media?parent=607"}],"wp:term":[{"taxonomy":"category","embeddable":true,"href":"https:\/\/gorydlamilosza.pl\/index.php\/wp-json\/wp\/v2\/categories?post=607"},{"taxonomy":"post_tag","embeddable":true,"href":"https:\/\/gorydlamilosza.pl\/index.php\/wp-json\/wp\/v2\/tags?post=607"}],"curies":[{"name":"wp","href":"https:\/\/api.w.org\/{rel}","templated":true}]}}