{"id":622,"date":"2020-09-26T17:23:00","date_gmt":"2020-09-26T15:23:00","guid":{"rendered":"http:\/\/wordpress2225437.home.pl\/palaszewski\/?p=622"},"modified":"2022-09-15T17:24:29","modified_gmt":"2022-09-15T15:24:29","slug":"wirtualna-akcja-charytatywna","status":"publish","type":"post","link":"https:\/\/gorydlamilosza.pl\/index.php\/2020\/09\/26\/wirtualna-akcja-charytatywna\/","title":{"rendered":"wirtualna akcja charytatywna"},"content":{"rendered":"\n<p>Imprezy biegowe w obecnym czasie pandemii niemal nie istniej\u0105. Trudno si\u0119 dziwi\u0107. Sami unikamy wi\u0119kszych i mniejszych skupisk ludzi je\u015bli to tylko mo\u017cliwe. Rozwi\u0105zaniem nadal s\u0105 biegi wirtualne, dla ka\u017cdego ch\u0119tnego w ka\u017cdym miejscu na \u015bwiecie! W dniach od 25 do 27 wrze\u015bnia fundacja Biegamy z Sercem organizuje Wirtualn\u0105 Akcj\u0119 Charytatywn\u0105. W\u015br\u00f3d uczestnik\u00f3w nie mog\u0142o zabrakn\u0105\u0107 Mi\u0142osza! Do pokonania dystans 1 kilometra, kt\u00f3ry uda\u0142o mu si\u0119 przebiec (i troch\u0119 przedrepta\u0107) w czasie 9 minut i 15 sekund. Na mecie zas\u0142u\u017cony medal, chocia\u017c na razie tylko zast\u0119pczy. Ten w\u0142a\u015bciwy dostaniemy dopiero za kilka dni. Kolekcja Mi\u0142osza w tym roku ro\u015bnie bardzo wolno. To dopiero czwarte biegi, a mamy ju\u017c prawie pa\u017adziernik.<\/p>\n","protected":false},"excerpt":{"rendered":"<p>Imprezy biegowe w obecnym czasie pandemii niemal nie istniej\u0105. Trudno si\u0119 dziwi\u0107. Sami unikamy wi\u0119kszych i mniejszych skupisk ludzi je\u015bli to tylko mo\u017cliwe. Rozwi\u0105zaniem nadal s\u0105 biegi wirtualne, dla ka\u017cdego ch\u0119tnego w ka\u017cdym miejscu na \u015bwiecie!<\/p>\n","protected":false},"author":1,"featured_media":623,"comment_status":"open","ping_status":"open","sticky":false,"template":"","format":"standard","meta":{"footnotes":""},"categories":[4],"tags":[],"class_list":["post-622","post","type-post","status-publish","format-standard","has-post-thumbnail","hentry","category-blog"],"_links":{"self":[{"href":"https:\/\/gorydlamilosza.pl\/index.php\/wp-json\/wp\/v2\/posts\/622","targetHints":{"allow":["GET"]}}],"collection":[{"href":"https:\/\/gorydlamilosza.pl\/index.php\/wp-json\/wp\/v2\/posts"}],"about":[{"href":"https:\/\/gorydlamilosza.pl\/index.php\/wp-json\/wp\/v2\/types\/post"}],"author":[{"embeddable":true,"href":"https:\/\/gorydlamilosza.pl\/index.php\/wp-json\/wp\/v2\/users\/1"}],"replies":[{"embeddable":true,"href":"https:\/\/gorydlamilosza.pl\/index.php\/wp-json\/wp\/v2\/comments?post=622"}],"version-history":[{"count":1,"href":"https:\/\/gorydlamilosza.pl\/index.php\/wp-json\/wp\/v2\/posts\/622\/revisions"}],"predecessor-version":[{"id":624,"href":"https:\/\/gorydlamilosza.pl\/index.php\/wp-json\/wp\/v2\/posts\/622\/revisions\/624"}],"wp:featuredmedia":[{"embeddable":true,"href":"https:\/\/gorydlamilosza.pl\/index.php\/wp-json\/wp\/v2\/media\/623"}],"wp:attachment":[{"href":"https:\/\/gorydlamilosza.pl\/index.php\/wp-json\/wp\/v2\/media?parent=622"}],"wp:term":[{"taxonomy":"category","embeddable":true,"href":"https:\/\/gorydlamilosza.pl\/index.php\/wp-json\/wp\/v2\/categories?post=622"},{"taxonomy":"post_tag","embeddable":true,"href":"https:\/\/gorydlamilosza.pl\/index.php\/wp-json\/wp\/v2\/tags?post=622"}],"curies":[{"name":"wp","href":"https:\/\/api.w.org\/{rel}","templated":true}]}}