{"id":636,"date":"2020-08-29T18:29:00","date_gmt":"2020-08-29T16:29:00","guid":{"rendered":"http:\/\/wordpress2225437.home.pl\/palaszewski\/?p=636"},"modified":"2022-09-15T18:31:37","modified_gmt":"2022-09-15T16:31:37","slug":"lucna-zwana-grzesiem","status":"publish","type":"post","link":"https:\/\/gorydlamilosza.pl\/index.php\/2020\/08\/29\/lucna-zwana-grzesiem\/","title":{"rendered":"L\u00fa\u010dna zwana Grzesiem"},"content":{"rendered":"\n<p>D\u0142ugo zastanawiali\u015bmy si\u0119 nad dzisiejsz\u0105 tras\u0105. Pewne by\u0142o jedno, wracamy w Tatry! I to pomimo tego, \u017ce czwartkowe wej\u015bcie na Ko\u015bcielec strasznie nas zniech\u0119ci\u0142o. Nie chodzi wcale o trudno\u015bci napotkane na szlaku czy pokonany dystans ale o zat\u0142oczone tatrza\u0144skie szlaki. Przepraszam je\u015bli kogo\u015b obra\u017c\u0119 ale dla mnie te g\u00f3ry nie maj\u0105 ju\u017c nic z dziko\u015bci opr\u00f3cz dzikich t\u0142um\u00f3w ludzi. \u015amieci, ha\u0142as i przeciskanie si\u0119 przez skupiska ludzi. To zdecydowanie nie dla nas. Dlatego pojechali\u015bmy nieco dalej na S\u0142owacj\u0119 z zamiarem wej\u015bcia na szczyt graniczny L\u00fa\u010dna (Grze\u015b) i Rako\u0144. Szlakiem zachwycili\u015bmy si\u0119 od razu. Znacznie lu\u017aniej, a o czysto\u015bci nawet nie wspomn\u0119 bo to standard u naszych po\u0142udniowych s\u0105siad\u00f3w, czego mo\u017cemy tylko pozazdro\u015bci\u0107. Dzisiaj naprawd\u0119 odpocz\u0119li\u015bmy. Od zgie\u0142ku, od problem\u00f3w, od ha\u0142asu, od wszystkiego co chcemy na chwil\u0119 zostawi\u0107 za sob\u0105. Nie bez znaczenie by\u0142 te\u017c poziom trudno\u015bci na szlaku. To by\u0142o dok\u0142adnie to czego Mi\u0142osz potrzebuje. Na tym szlaku mia\u0142 swoj\u0105 g\u00f3roterapi\u0119. Na wierzcho\u0142ku strasznie wia\u0142o i by\u0142o zimno. Pogoda by\u0142a niepewna i w ka\u017cdej chwili mog\u0142a przyj\u015b\u0107 burza lub ulewny deszcz. Dlatego zrezygnowali\u015bmy z dalszego w\u0119drowania na Rako\u0144 i zeszli\u015bmy t\u0105 sam\u0105 drog\u0105 w d\u00f3\u0142. Czas wej\u015bcia Mi\u0142osza na Grzesia to uwaga\u2026 2:20! W podej\u015bciach jest mistrzem. Schodzenie nadal pozostawia wiele do \u017cyczenia.<\/p>\n\n\n\n<figure class=\"wp-block-gallery has-nested-images columns-default is-cropped wp-block-gallery-1 is-layout-flex wp-block-gallery-is-layout-flex\">\n<figure class=\"wp-block-image size-large\"><img loading=\"lazy\" decoding=\"async\" width=\"1024\" height=\"683\" data-id=\"639\" src=\"http:\/\/wordpress2225437.home.pl\/palaszewski\/wp-content\/uploads\/2022\/09\/IMG_6861-1140x760-1-1024x683.jpg\" alt=\"\" class=\"wp-image-639\" srcset=\"https:\/\/gorydlamilosza.pl\/wp-content\/uploads\/2022\/09\/IMG_6861-1140x760-1-1024x683.jpg 1024w, https:\/\/gorydlamilosza.pl\/wp-content\/uploads\/2022\/09\/IMG_6861-1140x760-1-300x200.jpg 300w, https:\/\/gorydlamilosza.pl\/wp-content\/uploads\/2022\/09\/IMG_6861-1140x760-1-768x512.jpg 768w, https:\/\/gorydlamilosza.pl\/wp-content\/uploads\/2022\/09\/IMG_6861-1140x760-1.jpg 1140w\" sizes=\"auto, (max-width: 1024px) 100vw, 1024px\" \/><\/figure>\n\n\n\n<figure class=\"wp-block-image size-large\"><img loading=\"lazy\" decoding=\"async\" width=\"1024\" height=\"683\" data-id=\"638\" src=\"http:\/\/wordpress2225437.home.pl\/palaszewski\/wp-content\/uploads\/2022\/09\/IMG_6971-1140x760-1-1024x683.jpg\" alt=\"\" class=\"wp-image-638\" srcset=\"https:\/\/gorydlamilosza.pl\/wp-content\/uploads\/2022\/09\/IMG_6971-1140x760-1-1024x683.jpg 1024w, https:\/\/gorydlamilosza.pl\/wp-content\/uploads\/2022\/09\/IMG_6971-1140x760-1-300x200.jpg 300w, https:\/\/gorydlamilosza.pl\/wp-content\/uploads\/2022\/09\/IMG_6971-1140x760-1-768x512.jpg 768w, https:\/\/gorydlamilosza.pl\/wp-content\/uploads\/2022\/09\/IMG_6971-1140x760-1.jpg 1140w\" sizes=\"auto, (max-width: 1024px) 100vw, 1024px\" \/><\/figure>\n\n\n\n<figure class=\"wp-block-image size-large\"><img loading=\"lazy\" decoding=\"async\" width=\"1024\" height=\"683\" data-id=\"640\" src=\"http:\/\/wordpress2225437.home.pl\/palaszewski\/wp-content\/uploads\/2022\/09\/IMG_7074-1140x760-1-1024x683.jpg\" alt=\"\" class=\"wp-image-640\" srcset=\"https:\/\/gorydlamilosza.pl\/wp-content\/uploads\/2022\/09\/IMG_7074-1140x760-1-1024x683.jpg 1024w, https:\/\/gorydlamilosza.pl\/wp-content\/uploads\/2022\/09\/IMG_7074-1140x760-1-300x200.jpg 300w, https:\/\/gorydlamilosza.pl\/wp-content\/uploads\/2022\/09\/IMG_7074-1140x760-1-768x512.jpg 768w, https:\/\/gorydlamilosza.pl\/wp-content\/uploads\/2022\/09\/IMG_7074-1140x760-1.jpg 1140w\" sizes=\"auto, (max-width: 1024px) 100vw, 1024px\" \/><\/figure>\n<\/figure>\n","protected":false},"excerpt":{"rendered":"<p>D\u0142ugo zastanawiali\u015bmy si\u0119 nad dzisiejsz\u0105 tras\u0105. Pewne by\u0142o jedno, wracamy w Tatry! I to pomimo tego, \u017ce czwartkowe wej\u015bcie na Ko\u015bcielec strasznie nas zniech\u0119ci\u0142o. Nie chodzi wcale o trudno\u015bci napotkane na szlaku czy pokonany dystans ale o zat\u0142oczone tatrza\u0144skie szlaki.<\/p>\n","protected":false},"author":1,"featured_media":637,"comment_status":"open","ping_status":"open","sticky":false,"template":"","format":"standard","meta":{"footnotes":""},"categories":[4],"tags":[],"class_list":["post-636","post","type-post","status-publish","format-standard","has-post-thumbnail","hentry","category-blog"],"_links":{"self":[{"href":"https:\/\/gorydlamilosza.pl\/index.php\/wp-json\/wp\/v2\/posts\/636","targetHints":{"allow":["GET"]}}],"collection":[{"href":"https:\/\/gorydlamilosza.pl\/index.php\/wp-json\/wp\/v2\/posts"}],"about":[{"href":"https:\/\/gorydlamilosza.pl\/index.php\/wp-json\/wp\/v2\/types\/post"}],"author":[{"embeddable":true,"href":"https:\/\/gorydlamilosza.pl\/index.php\/wp-json\/wp\/v2\/users\/1"}],"replies":[{"embeddable":true,"href":"https:\/\/gorydlamilosza.pl\/index.php\/wp-json\/wp\/v2\/comments?post=636"}],"version-history":[{"count":1,"href":"https:\/\/gorydlamilosza.pl\/index.php\/wp-json\/wp\/v2\/posts\/636\/revisions"}],"predecessor-version":[{"id":641,"href":"https:\/\/gorydlamilosza.pl\/index.php\/wp-json\/wp\/v2\/posts\/636\/revisions\/641"}],"wp:featuredmedia":[{"embeddable":true,"href":"https:\/\/gorydlamilosza.pl\/index.php\/wp-json\/wp\/v2\/media\/637"}],"wp:attachment":[{"href":"https:\/\/gorydlamilosza.pl\/index.php\/wp-json\/wp\/v2\/media?parent=636"}],"wp:term":[{"taxonomy":"category","embeddable":true,"href":"https:\/\/gorydlamilosza.pl\/index.php\/wp-json\/wp\/v2\/categories?post=636"},{"taxonomy":"post_tag","embeddable":true,"href":"https:\/\/gorydlamilosza.pl\/index.php\/wp-json\/wp\/v2\/tags?post=636"}],"curies":[{"name":"wp","href":"https:\/\/api.w.org\/{rel}","templated":true}]}}