{"id":669,"date":"2020-08-02T18:48:00","date_gmt":"2020-08-02T16:48:00","guid":{"rendered":"http:\/\/wordpress2225437.home.pl\/palaszewski\/?p=669"},"modified":"2022-09-15T18:50:50","modified_gmt":"2022-09-15T16:50:50","slug":"odpoczynek-w-beskidzie-slaskim","status":"publish","type":"post","link":"https:\/\/gorydlamilosza.pl\/index.php\/2020\/08\/02\/odpoczynek-w-beskidzie-slaskim\/","title":{"rendered":"odpoczynek w Beskidzie \u015al\u0105skim"},"content":{"rendered":"\n<p>M\u00f3wi\u0142am, \u017ce odpoczywamy w weekend, prawda? W ten odpoczywali\u015bmy z przytupem. A\u017c dwa dni szlaku z noclegiem na biwaku! Trasa wiod\u0142a popularnym szlakiem w Dolinie Zimnika w kierunku Malinowskiej Ska\u0142y i dalej na Barani\u0105 G\u00f3r\u0119. Ilo\u015b\u0107 turyst\u00f3w na jej wierzcho\u0142ku tak nas przerazi\u0142a, \u017ce od razu pomaszerowali\u015bmy w kierunku naszego noclegu. Bac\u00f3wka na Hali Baraniej znajduje si\u0119 nieopodal szlaku. Mimo to rzadko kto\u015b tam zagl\u0105da. W\u0142a\u015bciwie schodz\u0105 do niej tylko tury\u015bci przemierzaj\u0105cy Beskid \u015al\u0105ski i poszukuj\u0105cych noclegu w g\u00f3rach. Tak te\u017c by\u0142o tym razem. Po kr\u00f3tkim zadomowieniu si\u0119 wok\u00f3\u0142 bac\u00f3wki zacz\u0119li przychodzi\u0107 kolejni tury\u015bci. Ostatecznie by\u0142o nas o\u015bmioro, a wi\u0119c ca\u0142kiem sporo. Ale tylko jedna osoba spa\u0142a w samej bac\u00f3wce. Reszta, tak jak my, pod namiotami. By\u0142o bardzo sympatycznie, a nocnym rozmowom przy ognisku nie by\u0142o ko\u0144ca. Rano spokojnie wyruszyli\u015bmy dalej, czyli w kierunku Magurki Radziechowskiej i Hali Radziechowskiej. P\u00f3\u017aniej powr\u00f3t na zielony szlak do wsi Ostre. Ta cz\u0119\u015b\u0107 Beskidu \u015al\u0105skiego jest wyj\u0105tkowo pi\u0119kna i widokowa. Niestety znacznie wyd\u0142u\u017ca to czas przej\u015bcia, bo zdj\u0119cie chce si\u0119 zrobi\u0107 niemal co drugi krok. Czy mo\u017cna si\u0119 czu\u0107 jednocze\u015bnie zm\u0119czonym i wypocz\u0119tym? Tak!<\/p>\n\n\n\n<figure class=\"wp-block-gallery has-nested-images columns-default is-cropped wp-block-gallery-1 is-layout-flex wp-block-gallery-is-layout-flex\">\n<figure class=\"wp-block-image size-large\"><img loading=\"lazy\" decoding=\"async\" width=\"1024\" height=\"683\" data-id=\"671\" src=\"http:\/\/wordpress2225437.home.pl\/palaszewski\/wp-content\/uploads\/2022\/09\/IMG_4591-1140x760-1-1024x683.jpg\" alt=\"\" class=\"wp-image-671\" srcset=\"https:\/\/gorydlamilosza.pl\/wp-content\/uploads\/2022\/09\/IMG_4591-1140x760-1-1024x683.jpg 1024w, https:\/\/gorydlamilosza.pl\/wp-content\/uploads\/2022\/09\/IMG_4591-1140x760-1-300x200.jpg 300w, https:\/\/gorydlamilosza.pl\/wp-content\/uploads\/2022\/09\/IMG_4591-1140x760-1-768x512.jpg 768w, https:\/\/gorydlamilosza.pl\/wp-content\/uploads\/2022\/09\/IMG_4591-1140x760-1.jpg 1140w\" sizes=\"auto, (max-width: 1024px) 100vw, 1024px\" \/><\/figure>\n\n\n\n<figure class=\"wp-block-image size-large\"><img loading=\"lazy\" decoding=\"async\" width=\"1024\" height=\"684\" data-id=\"672\" src=\"http:\/\/wordpress2225437.home.pl\/palaszewski\/wp-content\/uploads\/2022\/09\/IMG_4696-1140x761-1-1024x684.jpg\" alt=\"\" class=\"wp-image-672\" srcset=\"https:\/\/gorydlamilosza.pl\/wp-content\/uploads\/2022\/09\/IMG_4696-1140x761-1-1024x684.jpg 1024w, https:\/\/gorydlamilosza.pl\/wp-content\/uploads\/2022\/09\/IMG_4696-1140x761-1-300x200.jpg 300w, https:\/\/gorydlamilosza.pl\/wp-content\/uploads\/2022\/09\/IMG_4696-1140x761-1-768x513.jpg 768w, https:\/\/gorydlamilosza.pl\/wp-content\/uploads\/2022\/09\/IMG_4696-1140x761-1.jpg 1140w\" sizes=\"auto, (max-width: 1024px) 100vw, 1024px\" \/><\/figure>\n\n\n\n<figure class=\"wp-block-image size-large\"><img loading=\"lazy\" decoding=\"async\" width=\"1024\" height=\"683\" data-id=\"673\" src=\"http:\/\/wordpress2225437.home.pl\/palaszewski\/wp-content\/uploads\/2022\/09\/IMG_4733-1140x760-1-1024x683.jpg\" alt=\"\" class=\"wp-image-673\" srcset=\"https:\/\/gorydlamilosza.pl\/wp-content\/uploads\/2022\/09\/IMG_4733-1140x760-1-1024x683.jpg 1024w, https:\/\/gorydlamilosza.pl\/wp-content\/uploads\/2022\/09\/IMG_4733-1140x760-1-300x200.jpg 300w, https:\/\/gorydlamilosza.pl\/wp-content\/uploads\/2022\/09\/IMG_4733-1140x760-1-768x512.jpg 768w, https:\/\/gorydlamilosza.pl\/wp-content\/uploads\/2022\/09\/IMG_4733-1140x760-1.jpg 1140w\" sizes=\"auto, (max-width: 1024px) 100vw, 1024px\" \/><\/figure>\n<\/figure>\n","protected":false},"excerpt":{"rendered":"<p>M\u00f3wi\u0142am, \u017ce odpoczywamy w weekend, prawda? W ten odpoczywali\u015bmy z przytupem. A\u017c dwa dni szlaku z noclegiem na biwaku! Trasa wiod\u0142a popularnym szlakiem w Dolinie Zimnika w kierunku Malinowskiej Ska\u0142y i dalej na Barani\u0105 G\u00f3r\u0119. Ilo\u015b\u0107 turyst\u00f3w na jej wierzcho\u0142ku tak nas przerazi\u0142a, \u017ce od razu pomaszerowali\u015bmy w kierunku naszego noclegu.<\/p>\n","protected":false},"author":1,"featured_media":670,"comment_status":"open","ping_status":"open","sticky":false,"template":"","format":"standard","meta":{"footnotes":""},"categories":[4],"tags":[],"class_list":["post-669","post","type-post","status-publish","format-standard","has-post-thumbnail","hentry","category-blog"],"_links":{"self":[{"href":"https:\/\/gorydlamilosza.pl\/index.php\/wp-json\/wp\/v2\/posts\/669","targetHints":{"allow":["GET"]}}],"collection":[{"href":"https:\/\/gorydlamilosza.pl\/index.php\/wp-json\/wp\/v2\/posts"}],"about":[{"href":"https:\/\/gorydlamilosza.pl\/index.php\/wp-json\/wp\/v2\/types\/post"}],"author":[{"embeddable":true,"href":"https:\/\/gorydlamilosza.pl\/index.php\/wp-json\/wp\/v2\/users\/1"}],"replies":[{"embeddable":true,"href":"https:\/\/gorydlamilosza.pl\/index.php\/wp-json\/wp\/v2\/comments?post=669"}],"version-history":[{"count":1,"href":"https:\/\/gorydlamilosza.pl\/index.php\/wp-json\/wp\/v2\/posts\/669\/revisions"}],"predecessor-version":[{"id":674,"href":"https:\/\/gorydlamilosza.pl\/index.php\/wp-json\/wp\/v2\/posts\/669\/revisions\/674"}],"wp:featuredmedia":[{"embeddable":true,"href":"https:\/\/gorydlamilosza.pl\/index.php\/wp-json\/wp\/v2\/media\/670"}],"wp:attachment":[{"href":"https:\/\/gorydlamilosza.pl\/index.php\/wp-json\/wp\/v2\/media?parent=669"}],"wp:term":[{"taxonomy":"category","embeddable":true,"href":"https:\/\/gorydlamilosza.pl\/index.php\/wp-json\/wp\/v2\/categories?post=669"},{"taxonomy":"post_tag","embeddable":true,"href":"https:\/\/gorydlamilosza.pl\/index.php\/wp-json\/wp\/v2\/tags?post=669"}],"curies":[{"name":"wp","href":"https:\/\/api.w.org\/{rel}","templated":true}]}}