{"id":691,"date":"2020-07-12T18:57:00","date_gmt":"2020-07-12T16:57:00","guid":{"rendered":"http:\/\/wordpress2225437.home.pl\/palaszewski\/?p=691"},"modified":"2022-09-15T19:00:18","modified_gmt":"2022-09-15T17:00:18","slug":"w-gory","status":"publish","type":"post","link":"https:\/\/gorydlamilosza.pl\/index.php\/2020\/07\/12\/w-gory\/","title":{"rendered":"w g\u00f3ry!"},"content":{"rendered":"\n<p>Po ca\u0142otygodniowej nauce i \u0107wiczeniach nale\u017cy si\u0119 odpoczynek. Oczywi\u015bcie w g\u00f3rach! Zdecydowanie jeste\u015bmy osobami, kt\u00f3re je\u015bli wypoczywaj\u0105 to tylko aktywnie. Zw\u0142aszcza je\u015bli trafia si\u0119 taka pogoda jak dzisiaj. O wyje\u017adzie zdecydowa\u0142 Mi\u0142osz, kt\u00f3ry w sobot\u0119 jasno zakomunikowa\u0142 \u201ejutro jedziemy w g\u00f3ry\u201d. Wiemy, \u017ce w\u0119dr\u00f3wki po g\u00f3rach maj\u0105 na niego wr\u0119cz zbawienny wp\u0142yw dlatego nie wahali\u015bmy si\u0119 ani chwili. Jedziemy! Blisko, bo Beskid \u015al\u0105ski, kr\u00f3tko bo tylko 4,5 h marszu ale to wystarczy aby na\u0142adowa\u0107 akumulatory. Po wczorajszych ulewach szlak miejscami przypomina\u0142 koryto rzeki. Ludzi niedu\u017co jak na Beskid \u015al\u0105ski, a to lubimy bardzo.<\/p>\n\n\n\n<figure class=\"wp-block-image size-large\"><img loading=\"lazy\" decoding=\"async\" width=\"1024\" height=\"683\" src=\"http:\/\/wordpress2225437.home.pl\/palaszewski\/wp-content\/uploads\/2022\/09\/IMG_3935-1140x760-1-1024x683.jpg\" alt=\"\" class=\"wp-image-693\" srcset=\"https:\/\/gorydlamilosza.pl\/wp-content\/uploads\/2022\/09\/IMG_3935-1140x760-1-1024x683.jpg 1024w, https:\/\/gorydlamilosza.pl\/wp-content\/uploads\/2022\/09\/IMG_3935-1140x760-1-300x200.jpg 300w, https:\/\/gorydlamilosza.pl\/wp-content\/uploads\/2022\/09\/IMG_3935-1140x760-1-768x512.jpg 768w, https:\/\/gorydlamilosza.pl\/wp-content\/uploads\/2022\/09\/IMG_3935-1140x760-1.jpg 1140w\" sizes=\"auto, (max-width: 1024px) 100vw, 1024px\" \/><\/figure>\n","protected":false},"excerpt":{"rendered":"<p>Ponownie ruszamy na g\u00f3rskie szlaki. Takiej pogody jak dzisiaj nie mo\u017cna zmarnowa\u0107. Zdecydowanie jeste\u015bmy osobami, kt\u00f3re je\u015bli wypoczywaj\u0105 to tylko aktywnie.<\/p>\n","protected":false},"author":1,"featured_media":692,"comment_status":"open","ping_status":"open","sticky":false,"template":"","format":"standard","meta":{"footnotes":""},"categories":[4],"tags":[],"class_list":["post-691","post","type-post","status-publish","format-standard","has-post-thumbnail","hentry","category-blog"],"_links":{"self":[{"href":"https:\/\/gorydlamilosza.pl\/index.php\/wp-json\/wp\/v2\/posts\/691","targetHints":{"allow":["GET"]}}],"collection":[{"href":"https:\/\/gorydlamilosza.pl\/index.php\/wp-json\/wp\/v2\/posts"}],"about":[{"href":"https:\/\/gorydlamilosza.pl\/index.php\/wp-json\/wp\/v2\/types\/post"}],"author":[{"embeddable":true,"href":"https:\/\/gorydlamilosza.pl\/index.php\/wp-json\/wp\/v2\/users\/1"}],"replies":[{"embeddable":true,"href":"https:\/\/gorydlamilosza.pl\/index.php\/wp-json\/wp\/v2\/comments?post=691"}],"version-history":[{"count":1,"href":"https:\/\/gorydlamilosza.pl\/index.php\/wp-json\/wp\/v2\/posts\/691\/revisions"}],"predecessor-version":[{"id":694,"href":"https:\/\/gorydlamilosza.pl\/index.php\/wp-json\/wp\/v2\/posts\/691\/revisions\/694"}],"wp:featuredmedia":[{"embeddable":true,"href":"https:\/\/gorydlamilosza.pl\/index.php\/wp-json\/wp\/v2\/media\/692"}],"wp:attachment":[{"href":"https:\/\/gorydlamilosza.pl\/index.php\/wp-json\/wp\/v2\/media?parent=691"}],"wp:term":[{"taxonomy":"category","embeddable":true,"href":"https:\/\/gorydlamilosza.pl\/index.php\/wp-json\/wp\/v2\/categories?post=691"},{"taxonomy":"post_tag","embeddable":true,"href":"https:\/\/gorydlamilosza.pl\/index.php\/wp-json\/wp\/v2\/tags?post=691"}],"curies":[{"name":"wp","href":"https:\/\/api.w.org\/{rel}","templated":true}]}}