{"id":740,"date":"2020-03-08T19:23:00","date_gmt":"2020-03-08T18:23:00","guid":{"rendered":"http:\/\/wordpress2225437.home.pl\/palaszewski\/?p=740"},"modified":"2022-09-15T19:25:20","modified_gmt":"2022-09-15T17:25:20","slug":"wielka-racza-z-magdalena-gorzkowska","status":"publish","type":"post","link":"https:\/\/gorydlamilosza.pl\/index.php\/2020\/03\/08\/wielka-racza-z-magdalena-gorzkowska\/","title":{"rendered":"Wielka Racza z Magdalen\u0105 Gorzkowsk\u0105"},"content":{"rendered":"\n<p>Wiosna rozgo\u015bci\u0142a si\u0119 na dobre. Mam nawet wra\u017cenie, \u017ce nasta\u0142a zaraz po jesieni. Zupe\u0142nie inaczej jest w g\u00f3rach. Tam zima ma si\u0119 dobrze i panuje na ca\u0142ego! Po raz czwarty wybrali\u015bmy si\u0119 na Wielk\u0105 Racz\u0119 w Beskidzie \u017bywieckim, ale dzisiejsza w\u0119dr\u00f3wka by\u0142a wyj\u0105tkowa. Wszystko za spraw\u0105 wyj\u0105tkowego \u201etowarzysza podr\u00f3\u017cy\u201d. Do naszej wyprawy do\u0142\u0105czy\u0142a Magdalena Gorzkowska! Magda to lekkoatletka i sprinterka, alpinistka i himalaistka. Zdobywczyni m.in. szczyt\u00f3w Mont Blanc, Aconcagua, Kilimand\u017caro oraz jako najm\u0142odsza Polka w historii \u2013 Mount Everest. A dzisiaj wesz\u0142a razem z Mi\u0142oszem na zwyczajn\u0105 Wielk\u0105 Racz\u0119! Magda jest te\u017c ambasadork\u0105 projektu G\u00f3ry dla Mi\u0142osza i silnie wspiera naszego syna w d\u0105\u017ceniu do samodzielno\u015bci. Szli razem, tempem Mi\u0142osza. Dzisiaj to tylko Beskidy ale kto wie, mo\u017ce za kilkana\u015bcie lat b\u0119d\u0105 to Himalaje?<\/p>\n\n\n\n<figure class=\"wp-block-image size-large\"><img loading=\"lazy\" decoding=\"async\" width=\"1024\" height=\"683\" src=\"http:\/\/wordpress2225437.home.pl\/palaszewski\/wp-content\/uploads\/2022\/09\/IMG_0169-1140x760-1-1024x683.jpg\" alt=\"\" class=\"wp-image-742\" srcset=\"https:\/\/gorydlamilosza.pl\/wp-content\/uploads\/2022\/09\/IMG_0169-1140x760-1-1024x683.jpg 1024w, https:\/\/gorydlamilosza.pl\/wp-content\/uploads\/2022\/09\/IMG_0169-1140x760-1-300x200.jpg 300w, https:\/\/gorydlamilosza.pl\/wp-content\/uploads\/2022\/09\/IMG_0169-1140x760-1-768x512.jpg 768w, https:\/\/gorydlamilosza.pl\/wp-content\/uploads\/2022\/09\/IMG_0169-1140x760-1.jpg 1140w\" sizes=\"auto, (max-width: 1024px) 100vw, 1024px\" \/><\/figure>\n","protected":false},"excerpt":{"rendered":"<p>Wiosna rozgo\u015bci\u0142a si\u0119 na dobre. Mam nawet wra\u017cenie, \u017ce nasta\u0142a zaraz po jesieni. Zupe\u0142nie inaczej jest w g\u00f3rach. Tam zima ma si\u0119 dobrze i panuje na ca\u0142ego!<\/p>\n","protected":false},"author":1,"featured_media":741,"comment_status":"open","ping_status":"open","sticky":false,"template":"","format":"standard","meta":{"footnotes":""},"categories":[4],"tags":[],"class_list":["post-740","post","type-post","status-publish","format-standard","has-post-thumbnail","hentry","category-blog"],"_links":{"self":[{"href":"https:\/\/gorydlamilosza.pl\/index.php\/wp-json\/wp\/v2\/posts\/740","targetHints":{"allow":["GET"]}}],"collection":[{"href":"https:\/\/gorydlamilosza.pl\/index.php\/wp-json\/wp\/v2\/posts"}],"about":[{"href":"https:\/\/gorydlamilosza.pl\/index.php\/wp-json\/wp\/v2\/types\/post"}],"author":[{"embeddable":true,"href":"https:\/\/gorydlamilosza.pl\/index.php\/wp-json\/wp\/v2\/users\/1"}],"replies":[{"embeddable":true,"href":"https:\/\/gorydlamilosza.pl\/index.php\/wp-json\/wp\/v2\/comments?post=740"}],"version-history":[{"count":1,"href":"https:\/\/gorydlamilosza.pl\/index.php\/wp-json\/wp\/v2\/posts\/740\/revisions"}],"predecessor-version":[{"id":743,"href":"https:\/\/gorydlamilosza.pl\/index.php\/wp-json\/wp\/v2\/posts\/740\/revisions\/743"}],"wp:featuredmedia":[{"embeddable":true,"href":"https:\/\/gorydlamilosza.pl\/index.php\/wp-json\/wp\/v2\/media\/741"}],"wp:attachment":[{"href":"https:\/\/gorydlamilosza.pl\/index.php\/wp-json\/wp\/v2\/media?parent=740"}],"wp:term":[{"taxonomy":"category","embeddable":true,"href":"https:\/\/gorydlamilosza.pl\/index.php\/wp-json\/wp\/v2\/categories?post=740"},{"taxonomy":"post_tag","embeddable":true,"href":"https:\/\/gorydlamilosza.pl\/index.php\/wp-json\/wp\/v2\/tags?post=740"}],"curies":[{"name":"wp","href":"https:\/\/api.w.org\/{rel}","templated":true}]}}