{"id":809,"date":"2019-11-29T11:16:00","date_gmt":"2019-11-29T10:16:00","guid":{"rendered":"http:\/\/wordpress2225437.home.pl\/palaszewski\/?p=809"},"modified":"2022-09-16T11:17:59","modified_gmt":"2022-09-16T09:17:59","slug":"akcja-ciacho-dla-milosza","status":"publish","type":"post","link":"https:\/\/gorydlamilosza.pl\/index.php\/2019\/11\/29\/akcja-ciacho-dla-milosza\/","title":{"rendered":"akcja ciacho dla Mi\u0142osza"},"content":{"rendered":"\n<p>To by\u0142 niesamowity tydzie\u0144! Przede wszystkim pe\u0142en wyzwa\u0144, bo chocia\u017c sama Akcja Ciacho organizowana jest przez chorzowskiego S\u0142owaka cyklicznie od 16 lat to dla nas stanowi\u0142a niewiadom\u0105. Najpierw zadbali\u015bmy aby informacja o wydarzeniu dotar\u0142a do jak najwi\u0119kszej liczby ludzi. Pomog\u0142y nam w tym lokalne media Radio Piekary i Przegl\u0105d Piekarski. W dalszej kolejno\u015bci pozosta\u0142o zebranie upieczonych ciast, kt\u00f3re zgodnie z planem by\u0142y przywo\u017cone w czwartek do Stowarzyszenia Szklany Mur. Na nasz apel odpowiedzia\u0142o bardzo wiele os\u00f3b, nawet cukiernie! Przyje\u017cd\u017ca\u0142y do nas ca\u0142e rodziny. Zebrali\u015bmy prawie 100 ciast! Nie spodziewali\u015bmy si\u0119 takiego odzewu. Przysz\u0142o naprawd\u0119 sporo os\u00f3b, a cz\u0119\u015b\u0107 z nich opr\u00f3cz przywiezienia wypiek\u00f3w kupi\u0142o inne i w ten spos\u00f3b podw\u00f3jnie wspar\u0142o akcj\u0119 dla Mi\u0142osza. \u017ba\u0142uj\u0119, \u017ce nie mog\u0142am zobaczy\u0107 si\u0119 ze wszystkimi osobami, kt\u00f3re nas odwiedzi\u0142y. Rozczuli\u0142a mnie starsza Pani, kt\u00f3ra z m\u0119\u017cem przynios\u0142a ciasto, a z torebki wyci\u0105gn\u0119\u0142a specjalnie upieczone dla Mi\u0142osza ciastka! Byli te\u017c rodzice z tr\u00f3jk\u0105 dzieci, kt\u00f3rzy mieli czas na d\u0142u\u017csz\u0105 rozmow\u0119 o Mi\u0142oszu. By\u0142y te\u017c osoby, kt\u00f3re pokona\u0142y kilkadziesi\u0105t kilometr\u00f3w tylko po to aby wesprze\u0107 nasz\u0105 akcj\u0119. Jest jeszcze Monika, kt\u00f3ra od samego pocz\u0105tku dzielnie nas wspiera\u0142a. By\u0142a w\u015br\u00f3d nas te\u017c najm\u0142odsza wolontariuszka, 4 miesi\u0119czna Marcelinka. Pomaga\u0107 mo\u017cna na wiele sposob\u00f3w, jednak w tym wydarzeniu najwa\u017cniejsze by\u0142o to, \u017ce w tym jednym dniu ka\u017cdy z Was po\u015bwi\u0119ci\u0142 sw\u00f3j czas dla ma\u0142ego ch\u0142opca. Bo upieczenie ciasta to nie tylko zakup potrzebnych produkt\u00f3w. To przede wszystkim czas, kt\u00f3ry trzeba mie\u0107 na jego upieczenie i przywiezienie. Jestem szcz\u0119\u015bliwa, \u017ce nasz\u0105 rodzin\u0119 otaczaj\u0105 dobrzy ludzie! W pi\u0105tek zebrane ciasta dostarczyli\u015bmy do chorzowskiego liceum gdzie od rana rozpocz\u0119\u0142a si\u0119 r\u00f3wnolegle zbi\u00f3rka upieczonych ciast przez uczni\u00f3w i ich sprzeda\u017c. Tutaj ze wzgl\u0119du na dynamiczn\u0105 sytuacj\u0119 nie mo\u017cemy poda\u0107 dok\u0142adnie ile ich by\u0142o. Dodatkowo siedmiu kierowc\u00f3w rozwozi\u0142o ciasta zakupione przez firmy, instytucje oraz osoby prywatne. O godzinie 11 ciast zabrak\u0142o! Akcja zako\u0144czy\u0142a si\u0119 sukcesem. Jak wielkim dowiemy si\u0119 dopiero za kilka dni. Kto si\u0119 nie za\u0142apa\u0142 na ciasto b\u0119dzie mia\u0142 okazj\u0119 zrobi\u0107 to w przysz\u0142ym roku. Akcj\u0119 na pewno powt\u00f3rzymy!<\/p>\n","protected":false},"excerpt":{"rendered":"<p>To by\u0142 niesamowity tydzie\u0144! Przede wszystkim pe\u0142en wyzwa\u0144, bo chocia\u017c sama Akcja Ciacho organizowana jest przez chorzowskiego S\u0142owaka cyklicznie od 16 lat to dla nas stanowi\u0142a niewiadom\u0105.<\/p>\n","protected":false},"author":1,"featured_media":810,"comment_status":"open","ping_status":"open","sticky":false,"template":"","format":"standard","meta":{"footnotes":""},"categories":[4],"tags":[],"class_list":["post-809","post","type-post","status-publish","format-standard","has-post-thumbnail","hentry","category-blog"],"_links":{"self":[{"href":"https:\/\/gorydlamilosza.pl\/index.php\/wp-json\/wp\/v2\/posts\/809","targetHints":{"allow":["GET"]}}],"collection":[{"href":"https:\/\/gorydlamilosza.pl\/index.php\/wp-json\/wp\/v2\/posts"}],"about":[{"href":"https:\/\/gorydlamilosza.pl\/index.php\/wp-json\/wp\/v2\/types\/post"}],"author":[{"embeddable":true,"href":"https:\/\/gorydlamilosza.pl\/index.php\/wp-json\/wp\/v2\/users\/1"}],"replies":[{"embeddable":true,"href":"https:\/\/gorydlamilosza.pl\/index.php\/wp-json\/wp\/v2\/comments?post=809"}],"version-history":[{"count":1,"href":"https:\/\/gorydlamilosza.pl\/index.php\/wp-json\/wp\/v2\/posts\/809\/revisions"}],"predecessor-version":[{"id":811,"href":"https:\/\/gorydlamilosza.pl\/index.php\/wp-json\/wp\/v2\/posts\/809\/revisions\/811"}],"wp:featuredmedia":[{"embeddable":true,"href":"https:\/\/gorydlamilosza.pl\/index.php\/wp-json\/wp\/v2\/media\/810"}],"wp:attachment":[{"href":"https:\/\/gorydlamilosza.pl\/index.php\/wp-json\/wp\/v2\/media?parent=809"}],"wp:term":[{"taxonomy":"category","embeddable":true,"href":"https:\/\/gorydlamilosza.pl\/index.php\/wp-json\/wp\/v2\/categories?post=809"},{"taxonomy":"post_tag","embeddable":true,"href":"https:\/\/gorydlamilosza.pl\/index.php\/wp-json\/wp\/v2\/tags?post=809"}],"curies":[{"name":"wp","href":"https:\/\/api.w.org\/{rel}","templated":true}]}}