{"id":839,"date":"2019-10-09T11:33:00","date_gmt":"2019-10-09T09:33:00","guid":{"rendered":"http:\/\/wordpress2225437.home.pl\/palaszewski\/?p=839"},"modified":"2022-09-16T11:35:14","modified_gmt":"2022-09-16T09:35:14","slug":"cwicze-wzrok","status":"publish","type":"post","link":"https:\/\/gorydlamilosza.pl\/index.php\/2019\/10\/09\/cwicze-wzrok\/","title":{"rendered":"\u0107wicz\u0119 wzrok"},"content":{"rendered":"\n<p>Terapeuta tyflopedagog prowadzi z Mi\u0142oszem terapi\u0119 widzenia, kt\u00f3ra polega na usprawnianiu wzroku. Na zaj\u0119ciach pokazuje jak wykorzystywa\u0107 efektywnie posiadane mo\u017cliwo\u015bci wzrokowe, jak \u0107wiczy\u0107 oczy i podstawowe sprawno\u015bci wzrokowe. Rehabilitacja widzenia ma ogromne znaczenie w przypadku Mi\u0142osza z niepe\u0142nosprawno\u015bci\u0105 sprz\u0119\u017con\u0105, przyspiesza rozw\u00f3j niezb\u0119dnych umiej\u0119tno\u015bci, a tak\u017ce wspiera dziecko niepe\u0142nosprawne w osi\u0105ganiu poziomu potencjalnego rozwoju. Na zdj\u0119ciu \u0107wiczenie, w kt\u00f3rym Mi\u0142osz musi powiedzie\u0107 kolejno jakie kolory widzi, najpierw w linii pionowej, p\u00f3\u017aniej poziomej. Z pozoru prost\u0105 czynno\u015b\u0107 wykonujemy automatycznie w wielu sytuacjach w ci\u0105gu dnia nawet si\u0119 nad tym nie zastanawiaj\u0105c. Ale dla Mi\u0142osza to wielki wysi\u0142ek. Problemem jest skupienie wzroku przez d\u0142u\u017csz\u0105 chwil\u0119 oraz stopniowe przesuwanie wzroku w pionie i w poziomie.<\/p>\n","protected":false},"excerpt":{"rendered":"<p>Terapeuta tyflopedagog prowadzi z Mi\u0142oszem terapi\u0119 widzenia, kt\u00f3ra polega na usprawnianiu wzroku. Na zaj\u0119ciach pokazuje jak wykorzystywa\u0107 efektywnie posiadane mo\u017cliwo\u015bci wzrokowe, jak \u0107wiczy\u0107 oczy i podstawowe sprawno\u015bci wzrokowe. Rehabilitacja widzenia ma ogromne znaczenie w przypadku Mi\u0142osza z niepe\u0142nosprawno\u015bci\u0105 sprz\u0119\u017con\u0105, przyspiesza rozw\u00f3j niezb\u0119dnych umiej\u0119tno\u015bci, a tak\u017ce wspiera dziecko niepe\u0142nosprawne w osi\u0105ganiu poziomu potencjalnego rozwoju.<\/p>\n","protected":false},"author":1,"featured_media":840,"comment_status":"open","ping_status":"open","sticky":false,"template":"","format":"standard","meta":{"footnotes":""},"categories":[4],"tags":[],"class_list":["post-839","post","type-post","status-publish","format-standard","has-post-thumbnail","hentry","category-blog"],"_links":{"self":[{"href":"https:\/\/gorydlamilosza.pl\/index.php\/wp-json\/wp\/v2\/posts\/839","targetHints":{"allow":["GET"]}}],"collection":[{"href":"https:\/\/gorydlamilosza.pl\/index.php\/wp-json\/wp\/v2\/posts"}],"about":[{"href":"https:\/\/gorydlamilosza.pl\/index.php\/wp-json\/wp\/v2\/types\/post"}],"author":[{"embeddable":true,"href":"https:\/\/gorydlamilosza.pl\/index.php\/wp-json\/wp\/v2\/users\/1"}],"replies":[{"embeddable":true,"href":"https:\/\/gorydlamilosza.pl\/index.php\/wp-json\/wp\/v2\/comments?post=839"}],"version-history":[{"count":1,"href":"https:\/\/gorydlamilosza.pl\/index.php\/wp-json\/wp\/v2\/posts\/839\/revisions"}],"predecessor-version":[{"id":841,"href":"https:\/\/gorydlamilosza.pl\/index.php\/wp-json\/wp\/v2\/posts\/839\/revisions\/841"}],"wp:featuredmedia":[{"embeddable":true,"href":"https:\/\/gorydlamilosza.pl\/index.php\/wp-json\/wp\/v2\/media\/840"}],"wp:attachment":[{"href":"https:\/\/gorydlamilosza.pl\/index.php\/wp-json\/wp\/v2\/media?parent=839"}],"wp:term":[{"taxonomy":"category","embeddable":true,"href":"https:\/\/gorydlamilosza.pl\/index.php\/wp-json\/wp\/v2\/categories?post=839"},{"taxonomy":"post_tag","embeddable":true,"href":"https:\/\/gorydlamilosza.pl\/index.php\/wp-json\/wp\/v2\/tags?post=839"}],"curies":[{"name":"wp","href":"https:\/\/api.w.org\/{rel}","templated":true}]}}