{"id":851,"date":"2019-09-15T11:40:00","date_gmt":"2019-09-15T09:40:00","guid":{"rendered":"http:\/\/wordpress2225437.home.pl\/palaszewski\/?p=851"},"modified":"2022-09-16T11:41:57","modified_gmt":"2022-09-16T09:41:57","slug":"terapia-na-gorskim-szlaku","status":"publish","type":"post","link":"https:\/\/gorydlamilosza.pl\/index.php\/2019\/09\/15\/terapia-na-gorskim-szlaku\/","title":{"rendered":"terapia na g\u00f3rskim szlaku"},"content":{"rendered":"\n<p>Dzisiaj po raz kolejny przekona\u0142am si\u0119 \u017ce \u017cadna terapia ruchu nie zast\u0105pi g\u00f3rskiego szlaku i \u017caden fizjoterapeuta nie osi\u0105gnie z Mi\u0142oszem tego co mo\u017ce sam zrobi\u0107 w g\u00f3rach. G\u00f3rska w\u0119dr\u00f3wka to najlepsza fizjoterapia dla mojego syna! Na nasz trening wybrali\u015bmy si\u0119 w Beskid Morawsko-\u015al\u0105ski do miejscowo\u015bci Dolni Lomna sk\u0105d wyruszyli\u015bmy na Kostelky. Niemal ca\u0142a trasa wiod\u0142a ods\u0142oni\u0119tym terenem co przy dzisiejszej pogodzie da\u0142o nam wspania\u0142e widoki niemal na ca\u0142e pasmo czeskich Beskid\u00f3w i Beskidu \u015al\u0105skiego. Na wierzcho\u0142ku czeka\u0142a nas mi\u0142a niespodzianka, widok na Ma\u0142\u0105 Fatr\u0119 i Tatry Ni\u017cne! Od\u017cy\u0142y w nas wspomnienia mile sp\u0119dzonych wakacji. Ca\u0142a 15 kilometrowa trasa jest godna polecenia. Opr\u00f3cz wspania\u0142ych widok\u00f3w ma jeszcze jedn\u0105 zalet\u0119, pustki na szlaku! Spotkanych turyst\u00f3w (z wyj\u0105tkiem okolic dw\u00f3ch schronisk) mo\u017cna policzy\u0107 na palcach.<br><br>Pami\u0119tajcie o&nbsp;<a rel=\"noreferrer noopener\" href=\"https:\/\/zrzutka.pl\/a44b74\" target=\"_blank\">zrzutce<\/a>&nbsp;dla Mi\u0142osza. Liczy si\u0119 dos\u0142ownie ka\u017cda z\u0142ot\u00f3wka. Jeste\u015bmy wdzi\u0119czni za ka\u017cd\u0105 otrzyman\u0105 pomoc.<\/p>\n","protected":false},"excerpt":{"rendered":"<p>Dzisiaj po raz kolejny przekona\u0142am si\u0119 \u017ce \u017cadna terapia ruchu nie zast\u0105pi g\u00f3rskiego szlaku i \u017caden fizjoterapeuta nie osi\u0105gnie z Mi\u0142oszem tego co mo\u017ce sam zrobi\u0107 w g\u00f3rach. G\u00f3rska w\u0119dr\u00f3wka to najlepsza fizjoterapia dla mojego syna! <\/p>\n","protected":false},"author":1,"featured_media":852,"comment_status":"open","ping_status":"open","sticky":false,"template":"","format":"standard","meta":{"footnotes":""},"categories":[4],"tags":[],"class_list":["post-851","post","type-post","status-publish","format-standard","has-post-thumbnail","hentry","category-blog"],"_links":{"self":[{"href":"https:\/\/gorydlamilosza.pl\/index.php\/wp-json\/wp\/v2\/posts\/851","targetHints":{"allow":["GET"]}}],"collection":[{"href":"https:\/\/gorydlamilosza.pl\/index.php\/wp-json\/wp\/v2\/posts"}],"about":[{"href":"https:\/\/gorydlamilosza.pl\/index.php\/wp-json\/wp\/v2\/types\/post"}],"author":[{"embeddable":true,"href":"https:\/\/gorydlamilosza.pl\/index.php\/wp-json\/wp\/v2\/users\/1"}],"replies":[{"embeddable":true,"href":"https:\/\/gorydlamilosza.pl\/index.php\/wp-json\/wp\/v2\/comments?post=851"}],"version-history":[{"count":1,"href":"https:\/\/gorydlamilosza.pl\/index.php\/wp-json\/wp\/v2\/posts\/851\/revisions"}],"predecessor-version":[{"id":853,"href":"https:\/\/gorydlamilosza.pl\/index.php\/wp-json\/wp\/v2\/posts\/851\/revisions\/853"}],"wp:featuredmedia":[{"embeddable":true,"href":"https:\/\/gorydlamilosza.pl\/index.php\/wp-json\/wp\/v2\/media\/852"}],"wp:attachment":[{"href":"https:\/\/gorydlamilosza.pl\/index.php\/wp-json\/wp\/v2\/media?parent=851"}],"wp:term":[{"taxonomy":"category","embeddable":true,"href":"https:\/\/gorydlamilosza.pl\/index.php\/wp-json\/wp\/v2\/categories?post=851"},{"taxonomy":"post_tag","embeddable":true,"href":"https:\/\/gorydlamilosza.pl\/index.php\/wp-json\/wp\/v2\/tags?post=851"}],"curies":[{"name":"wp","href":"https:\/\/api.w.org\/{rel}","templated":true}]}}