{"id":892,"date":"2019-06-23T12:04:00","date_gmt":"2019-06-23T10:04:00","guid":{"rendered":"http:\/\/wordpress2225437.home.pl\/palaszewski\/?p=892"},"modified":"2022-09-16T12:06:30","modified_gmt":"2022-09-16T10:06:30","slug":"ondrejnik-w-beskidzie-slasko-morawskim","status":"publish","type":"post","link":"https:\/\/gorydlamilosza.pl\/index.php\/2019\/06\/23\/ondrejnik-w-beskidzie-slasko-morawskim\/","title":{"rendered":"Ondrejnik w Beskidzie \u015al\u0105sko-Morawskim"},"content":{"rendered":"\n<p>Ostatni dzie\u0144 d\u0142ugiego weekendu sp\u0119dzili\u015bmy na g\u00f3rskich szlakach. Ciekawa by\u0142am jak Mi\u0142osz poradzi sobie w Beskidach po chorwackim treningu. I powiem szczerze, jestem pod ogromnym wra\u017ceniem. Trasa w Masywie Ondrejnika nie by\u0142a zbyt d\u0142uga (jak na Beskidy) bo liczy\u0142a nieca\u0142e 14 kilometr\u00f3w jednak przez trzy kilometry szlak prowadzi\u0142 ostro pod g\u00f3r\u0119 z du\u017c\u0105 ilo\u015bci\u0105 kamieni lub nawet ska\u0142. Najtrudniejsze fragmenty Mi\u0142osz pokonywa\u0142 na czworaka. Samodzielne przej\u015bcie tego odcinka zaj\u0119\u0142o mu ponad dwie godziny. Wydaje si\u0119 d\u0142ugo ale zrobi\u0142 bez niczyjej pomocy w naprawd\u0119 imponuj\u0105cym stylu.<\/p>\n","protected":false},"excerpt":{"rendered":"<p>Ostatni dzie\u0144 d\u0142ugiego weekendu sp\u0119dzili\u015bmy na g\u00f3rskich szlakach. Ciekawa by\u0142am jak Mi\u0142osz poradzi sobie w Beskidach po chorwackim treningu. I powiem szczerze, jestem pod ogromnym wra\u017ceniem. Trasa w Masywie Ondrejnika nie by\u0142a zbyt d\u0142uga (jak na Beskidy) bo liczy\u0142a nieca\u0142e 14 kilometr\u00f3w jednak przez trzy kilometry szlak prowadzi\u0142 ostro pod g\u00f3r\u0119 z du\u017c\u0105 ilo\u015bci\u0105 kamieni lub nawet ska\u0142.<\/p>\n","protected":false},"author":1,"featured_media":893,"comment_status":"open","ping_status":"open","sticky":false,"template":"","format":"standard","meta":{"footnotes":""},"categories":[4],"tags":[],"class_list":["post-892","post","type-post","status-publish","format-standard","has-post-thumbnail","hentry","category-blog"],"_links":{"self":[{"href":"https:\/\/gorydlamilosza.pl\/index.php\/wp-json\/wp\/v2\/posts\/892","targetHints":{"allow":["GET"]}}],"collection":[{"href":"https:\/\/gorydlamilosza.pl\/index.php\/wp-json\/wp\/v2\/posts"}],"about":[{"href":"https:\/\/gorydlamilosza.pl\/index.php\/wp-json\/wp\/v2\/types\/post"}],"author":[{"embeddable":true,"href":"https:\/\/gorydlamilosza.pl\/index.php\/wp-json\/wp\/v2\/users\/1"}],"replies":[{"embeddable":true,"href":"https:\/\/gorydlamilosza.pl\/index.php\/wp-json\/wp\/v2\/comments?post=892"}],"version-history":[{"count":1,"href":"https:\/\/gorydlamilosza.pl\/index.php\/wp-json\/wp\/v2\/posts\/892\/revisions"}],"predecessor-version":[{"id":894,"href":"https:\/\/gorydlamilosza.pl\/index.php\/wp-json\/wp\/v2\/posts\/892\/revisions\/894"}],"wp:featuredmedia":[{"embeddable":true,"href":"https:\/\/gorydlamilosza.pl\/index.php\/wp-json\/wp\/v2\/media\/893"}],"wp:attachment":[{"href":"https:\/\/gorydlamilosza.pl\/index.php\/wp-json\/wp\/v2\/media?parent=892"}],"wp:term":[{"taxonomy":"category","embeddable":true,"href":"https:\/\/gorydlamilosza.pl\/index.php\/wp-json\/wp\/v2\/categories?post=892"},{"taxonomy":"post_tag","embeddable":true,"href":"https:\/\/gorydlamilosza.pl\/index.php\/wp-json\/wp\/v2\/tags?post=892"}],"curies":[{"name":"wp","href":"https:\/\/api.w.org\/{rel}","templated":true}]}}