{"id":91,"date":"2022-08-16T17:59:00","date_gmt":"2022-08-16T15:59:00","guid":{"rendered":"http:\/\/wordpress2225437.home.pl\/palaszewski\/?p=91"},"modified":"2022-09-04T18:00:15","modified_gmt":"2022-09-04T16:00:15","slug":"wielka-racza","status":"publish","type":"post","link":"https:\/\/gorydlamilosza.pl\/index.php\/2022\/08\/16\/wielka-racza\/","title":{"rendered":"Wielka Racza"},"content":{"rendered":"\n<p>wczoraj bylem w gorach. maszerowalem posciezce.patrzylem na widoki irobilem zdjecia. spotkalem duzegopsa. gory sa fajne ilubie ponich chodzic.<\/p>\n\n\n\n<p>Dziwi\u0105 was b\u0142\u0119dy i brak polskich znak\u00f3w? To wcale nie jest pomy\u0142ka z naszej strony. To pierwszy tekst na blog, kt\u00f3ry Mi\u0142osz napisa\u0142 samodzielnie! Maj\u0105c na uwadze historyczn\u0105 chwil\u0119 postanowili\u015bmy nie poprawia\u0107 go w czasie pisania i zachowa\u0107 oryginalne brzmienie. Ze swojej strony mog\u0119 doda\u0107, \u017ce byli\u015bmy na Wielkiej Raczy, a ilo\u015b\u0107 ludzi mnie przerazi\u0142a. Zaskoczy\u0142o mnie te\u017c ile os\u00f3b (doros\u0142ych) Mi\u0142osz wyprzedzi\u0142 na szlaku. Jest forma! Zej\u015bcie z tego widokowego szczytu tradycyjnie ju\u017c poza szlakiem w kierunku Rycerki. Przynajmniej tu byli\u015bmy sami.<\/p>\n\n\n\n<figure class=\"wp-block-gallery has-nested-images columns-default is-cropped wp-block-gallery-1 is-layout-flex wp-block-gallery-is-layout-flex\">\n<figure class=\"wp-block-image size-large\"><img loading=\"lazy\" decoding=\"async\" width=\"1024\" height=\"577\" data-id=\"95\" src=\"http:\/\/wordpress2225437.home.pl\/palaszewski\/wp-content\/uploads\/2022\/09\/IMG_20220827_101409-1024x577-2.jpg\" alt=\"\" class=\"wp-image-95\" srcset=\"https:\/\/gorydlamilosza.pl\/wp-content\/uploads\/2022\/09\/IMG_20220827_101409-1024x577-2.jpg 1024w, https:\/\/gorydlamilosza.pl\/wp-content\/uploads\/2022\/09\/IMG_20220827_101409-1024x577-2-300x169.jpg 300w, https:\/\/gorydlamilosza.pl\/wp-content\/uploads\/2022\/09\/IMG_20220827_101409-1024x577-2-768x433.jpg 768w\" sizes=\"auto, (max-width: 1024px) 100vw, 1024px\" \/><\/figure>\n\n\n\n<figure class=\"wp-block-image size-large\"><img loading=\"lazy\" decoding=\"async\" width=\"1024\" height=\"577\" data-id=\"94\" src=\"http:\/\/wordpress2225437.home.pl\/palaszewski\/wp-content\/uploads\/2022\/09\/IMG_20220815_120547-1024x577-1.jpg\" alt=\"\" class=\"wp-image-94\" srcset=\"https:\/\/gorydlamilosza.pl\/wp-content\/uploads\/2022\/09\/IMG_20220815_120547-1024x577-1.jpg 1024w, https:\/\/gorydlamilosza.pl\/wp-content\/uploads\/2022\/09\/IMG_20220815_120547-1024x577-1-300x169.jpg 300w, https:\/\/gorydlamilosza.pl\/wp-content\/uploads\/2022\/09\/IMG_20220815_120547-1024x577-1-768x433.jpg 768w\" sizes=\"auto, (max-width: 1024px) 100vw, 1024px\" \/><\/figure>\n\n\n\n<figure class=\"wp-block-image size-large\"><img loading=\"lazy\" decoding=\"async\" width=\"1024\" height=\"577\" data-id=\"93\" src=\"http:\/\/wordpress2225437.home.pl\/palaszewski\/wp-content\/uploads\/2022\/09\/IMG_20220815_120528-1024x577-1.jpg\" alt=\"\" class=\"wp-image-93\" srcset=\"https:\/\/gorydlamilosza.pl\/wp-content\/uploads\/2022\/09\/IMG_20220815_120528-1024x577-1.jpg 1024w, https:\/\/gorydlamilosza.pl\/wp-content\/uploads\/2022\/09\/IMG_20220815_120528-1024x577-1-300x169.jpg 300w, https:\/\/gorydlamilosza.pl\/wp-content\/uploads\/2022\/09\/IMG_20220815_120528-1024x577-1-768x433.jpg 768w\" sizes=\"auto, (max-width: 1024px) 100vw, 1024px\" \/><\/figure>\n<\/figure>\n","protected":false},"excerpt":{"rendered":"<p>wczoraj bylem w gorach. maszerowalem posciezce.patrzylem na widoki irobilem zdjecia. spotkalem duzegopsa. gory sa fajne ilubie ponich chodzic.<\/p>\n","protected":false},"author":1,"featured_media":96,"comment_status":"closed","ping_status":"closed","sticky":false,"template":"","format":"standard","meta":{"footnotes":""},"categories":[4],"tags":[],"class_list":["post-91","post","type-post","status-publish","format-standard","has-post-thumbnail","hentry","category-blog"],"_links":{"self":[{"href":"https:\/\/gorydlamilosza.pl\/index.php\/wp-json\/wp\/v2\/posts\/91","targetHints":{"allow":["GET"]}}],"collection":[{"href":"https:\/\/gorydlamilosza.pl\/index.php\/wp-json\/wp\/v2\/posts"}],"about":[{"href":"https:\/\/gorydlamilosza.pl\/index.php\/wp-json\/wp\/v2\/types\/post"}],"author":[{"embeddable":true,"href":"https:\/\/gorydlamilosza.pl\/index.php\/wp-json\/wp\/v2\/users\/1"}],"replies":[{"embeddable":true,"href":"https:\/\/gorydlamilosza.pl\/index.php\/wp-json\/wp\/v2\/comments?post=91"}],"version-history":[{"count":2,"href":"https:\/\/gorydlamilosza.pl\/index.php\/wp-json\/wp\/v2\/posts\/91\/revisions"}],"predecessor-version":[{"id":144,"href":"https:\/\/gorydlamilosza.pl\/index.php\/wp-json\/wp\/v2\/posts\/91\/revisions\/144"}],"wp:featuredmedia":[{"embeddable":true,"href":"https:\/\/gorydlamilosza.pl\/index.php\/wp-json\/wp\/v2\/media\/96"}],"wp:attachment":[{"href":"https:\/\/gorydlamilosza.pl\/index.php\/wp-json\/wp\/v2\/media?parent=91"}],"wp:term":[{"taxonomy":"category","embeddable":true,"href":"https:\/\/gorydlamilosza.pl\/index.php\/wp-json\/wp\/v2\/categories?post=91"},{"taxonomy":"post_tag","embeddable":true,"href":"https:\/\/gorydlamilosza.pl\/index.php\/wp-json\/wp\/v2\/tags?post=91"}],"curies":[{"name":"wp","href":"https:\/\/api.w.org\/{rel}","templated":true}]}}