{"id":915,"date":"2019-06-06T12:16:00","date_gmt":"2019-06-06T10:16:00","guid":{"rendered":"http:\/\/wordpress2225437.home.pl\/palaszewski\/?p=915"},"modified":"2022-09-16T14:23:00","modified_gmt":"2022-09-16T12:23:00","slug":"park-narodowy-sjeverni-velebit","status":"publish","type":"post","link":"https:\/\/gorydlamilosza.pl\/index.php\/2019\/06\/06\/park-narodowy-sjeverni-velebit\/","title":{"rendered":"park narodowy sjeverni velebit"},"content":{"rendered":"\n<p>Powoli zbli\u017camy si\u0119 do ko\u0144ca naszej w\u0119dr\u00f3wki chorwackimi szlakami wi\u0119c zwalniamy tempo marszu. Velebit pomimo tego, \u017ce jest trudnym pasmem to mo\u017cna tutaj r\u00f3wnie\u017c znale\u017a\u0107 szlaki wr\u0119cz spacerowe. Oczywi\u015bcie jak na g\u00f3rskie warunki. Ruszamy od schroniska Alan na po\u0142udnie. Trasa wiedzie niemal po p\u0142askim terenie. Z jednej strony patrzymy na Adriatyk, a z drugiej na szczyty Velebitu \u015arodkowego. To wyj\u0105tkowo malowniczy szlak.<\/p>\n","protected":false},"excerpt":{"rendered":"<p>Powoli zbli\u017camy si\u0119 do ko\u0144ca naszej w\u0119dr\u00f3wki chorwackimi szlakami wi\u0119c zwalniamy tempo marszu. Velebit pomimo tego, \u017ce jest trudnym pasmem to mo\u017cna tutaj r\u00f3wnie\u017c znale\u017a\u0107 szlaki wr\u0119cz spacerowe. Oczywi\u015bcie jak na g\u00f3rskie warunki. Ruszamy od schroniska Alan na po\u0142udnie. Trasa wiedzie niemal po p\u0142askim terenie. Z jednej strony patrzymy na Adriatyk, a z drugiej na szczyty Velebitu \u015arodkowego. To wyj\u0105tkowo malowniczy szlak.<\/p>\n","protected":false},"author":1,"featured_media":916,"comment_status":"open","ping_status":"open","sticky":false,"template":"","format":"standard","meta":{"footnotes":""},"categories":[4],"tags":[],"class_list":["post-915","post","type-post","status-publish","format-standard","has-post-thumbnail","hentry","category-blog"],"_links":{"self":[{"href":"https:\/\/gorydlamilosza.pl\/index.php\/wp-json\/wp\/v2\/posts\/915","targetHints":{"allow":["GET"]}}],"collection":[{"href":"https:\/\/gorydlamilosza.pl\/index.php\/wp-json\/wp\/v2\/posts"}],"about":[{"href":"https:\/\/gorydlamilosza.pl\/index.php\/wp-json\/wp\/v2\/types\/post"}],"author":[{"embeddable":true,"href":"https:\/\/gorydlamilosza.pl\/index.php\/wp-json\/wp\/v2\/users\/1"}],"replies":[{"embeddable":true,"href":"https:\/\/gorydlamilosza.pl\/index.php\/wp-json\/wp\/v2\/comments?post=915"}],"version-history":[{"count":1,"href":"https:\/\/gorydlamilosza.pl\/index.php\/wp-json\/wp\/v2\/posts\/915\/revisions"}],"predecessor-version":[{"id":917,"href":"https:\/\/gorydlamilosza.pl\/index.php\/wp-json\/wp\/v2\/posts\/915\/revisions\/917"}],"wp:featuredmedia":[{"embeddable":true,"href":"https:\/\/gorydlamilosza.pl\/index.php\/wp-json\/wp\/v2\/media\/916"}],"wp:attachment":[{"href":"https:\/\/gorydlamilosza.pl\/index.php\/wp-json\/wp\/v2\/media?parent=915"}],"wp:term":[{"taxonomy":"category","embeddable":true,"href":"https:\/\/gorydlamilosza.pl\/index.php\/wp-json\/wp\/v2\/categories?post=915"},{"taxonomy":"post_tag","embeddable":true,"href":"https:\/\/gorydlamilosza.pl\/index.php\/wp-json\/wp\/v2\/tags?post=915"}],"curies":[{"name":"wp","href":"https:\/\/api.w.org\/{rel}","templated":true}]}}