{"id":919,"date":"2019-06-06T14:24:00","date_gmt":"2019-06-06T12:24:00","guid":{"rendered":"http:\/\/wordpress2225437.home.pl\/palaszewski\/?p=919"},"modified":"2022-09-16T14:25:58","modified_gmt":"2022-09-16T12:25:58","slug":"bijele-i-samarske-stijene","status":"publish","type":"post","link":"https:\/\/gorydlamilosza.pl\/index.php\/2019\/06\/06\/bijele-i-samarske-stijene\/","title":{"rendered":"bijele i samarske stijene"},"content":{"rendered":"\n<p>Dzisiaj Chorwacja da\u0142a nam prawdziw\u0105 lekcj\u0119 \u017cycia. To naprawd\u0119 bardzo wymagaj\u0105ce g\u00f3ry. Naszym celem by\u0142o pasmo Velika Kepela i jej cz\u0119\u015b\u0107 zwana Bijele i Samarske stijene. Kiedy tylko weszli\u015bmy na szlak poczuli\u015bmy si\u0119 jak w magicznym miejscu. To za spraw\u0105 lasu jaki tu ro\u015bnie. A jestem pewna, \u017ce ro\u015bnie tu od zawsze. Dodatkowego uroku dodaj\u0105 wysokie ska\u0142y. To w\u0142a\u015bnie one przyci\u0105gaj\u0105 tutaj turyst\u00f3w. Szlak jest wprost niewiarygodnie pi\u0119kny i by\u0142abym nim zachwycona gdyby nie jeden szczeg\u00f3\u0142. To bardzo wymagaj\u0105cy i przede wszystkim niebezpieczny szlak. A wystarczy\u0142o da\u0107 w kilku miejscach drabinki, \u0142a\u0144cuchy czy klamry. Efekt jest taki, \u017ce 8,5 kilometrow\u0105 tras\u0119 pokonali\u015bmy w ponad 9 godzin! By\u0142oby jeszcze d\u0142u\u017cej gdyby nie nasze liny i uprz\u0119\u017ce. Nie mogli\u015bmy te\u017c zawr\u00f3ci\u0107. Wiedzieli\u015bmy jakie przeszkody ju\u017c pokonali\u015bmy i przej\u015bcie ich jeszcze raz nie mia\u0142o sensu. Uda\u0142o nam si\u0119 zako\u0144czy\u0107 wycieczk\u0119 tu\u017c po zmroku.<\/p>\n\n\n\n<figure class=\"wp-block-image size-large\"><img loading=\"lazy\" decoding=\"async\" width=\"1024\" height=\"683\" src=\"http:\/\/wordpress2225437.home.pl\/palaszewski\/wp-content\/uploads\/2022\/09\/IMG_8575-1140x760-1-1024x683.jpg\" alt=\"\" class=\"wp-image-921\" srcset=\"https:\/\/gorydlamilosza.pl\/wp-content\/uploads\/2022\/09\/IMG_8575-1140x760-1-1024x683.jpg 1024w, https:\/\/gorydlamilosza.pl\/wp-content\/uploads\/2022\/09\/IMG_8575-1140x760-1-300x200.jpg 300w, https:\/\/gorydlamilosza.pl\/wp-content\/uploads\/2022\/09\/IMG_8575-1140x760-1-768x512.jpg 768w, https:\/\/gorydlamilosza.pl\/wp-content\/uploads\/2022\/09\/IMG_8575-1140x760-1.jpg 1140w\" sizes=\"auto, (max-width: 1024px) 100vw, 1024px\" \/><\/figure>\n","protected":false},"excerpt":{"rendered":"<p>Dzisiaj Chorwacja da\u0142a nam prawdziw\u0105 lekcj\u0119 \u017cycia. To naprawd\u0119 bardzo wymagaj\u0105ce g\u00f3ry. Naszym celem by\u0142o pasmo Velika Kepela i jej cz\u0119\u015b\u0107 zwana Bijele i Samarske stijene. Kiedy tylko weszli\u015bmy na szlak poczuli\u015bmy si\u0119 jak w magicznym miejscu. <\/p>\n","protected":false},"author":1,"featured_media":920,"comment_status":"open","ping_status":"open","sticky":false,"template":"","format":"standard","meta":{"footnotes":""},"categories":[4],"tags":[],"class_list":["post-919","post","type-post","status-publish","format-standard","has-post-thumbnail","hentry","category-blog"],"_links":{"self":[{"href":"https:\/\/gorydlamilosza.pl\/index.php\/wp-json\/wp\/v2\/posts\/919","targetHints":{"allow":["GET"]}}],"collection":[{"href":"https:\/\/gorydlamilosza.pl\/index.php\/wp-json\/wp\/v2\/posts"}],"about":[{"href":"https:\/\/gorydlamilosza.pl\/index.php\/wp-json\/wp\/v2\/types\/post"}],"author":[{"embeddable":true,"href":"https:\/\/gorydlamilosza.pl\/index.php\/wp-json\/wp\/v2\/users\/1"}],"replies":[{"embeddable":true,"href":"https:\/\/gorydlamilosza.pl\/index.php\/wp-json\/wp\/v2\/comments?post=919"}],"version-history":[{"count":1,"href":"https:\/\/gorydlamilosza.pl\/index.php\/wp-json\/wp\/v2\/posts\/919\/revisions"}],"predecessor-version":[{"id":922,"href":"https:\/\/gorydlamilosza.pl\/index.php\/wp-json\/wp\/v2\/posts\/919\/revisions\/922"}],"wp:featuredmedia":[{"embeddable":true,"href":"https:\/\/gorydlamilosza.pl\/index.php\/wp-json\/wp\/v2\/media\/920"}],"wp:attachment":[{"href":"https:\/\/gorydlamilosza.pl\/index.php\/wp-json\/wp\/v2\/media?parent=919"}],"wp:term":[{"taxonomy":"category","embeddable":true,"href":"https:\/\/gorydlamilosza.pl\/index.php\/wp-json\/wp\/v2\/categories?post=919"},{"taxonomy":"post_tag","embeddable":true,"href":"https:\/\/gorydlamilosza.pl\/index.php\/wp-json\/wp\/v2\/tags?post=919"}],"curies":[{"name":"wp","href":"https:\/\/api.w.org\/{rel}","templated":true}]}}