{"id":985,"date":"2019-02-26T16:57:00","date_gmt":"2019-02-26T15:57:00","guid":{"rendered":"http:\/\/wordpress2225437.home.pl\/palaszewski\/?p=985"},"modified":"2022-09-16T16:58:42","modified_gmt":"2022-09-16T14:58:42","slug":"zajecia-logopedyczne","status":"publish","type":"post","link":"https:\/\/gorydlamilosza.pl\/index.php\/2019\/02\/26\/zajecia-logopedyczne\/","title":{"rendered":"zaj\u0119cia logopedyczne"},"content":{"rendered":"\n<p>Codzienno\u015b\u0107 Mi\u0142osza wype\u0142niona jest rehabilitacj\u0105 i terapi\u0105. Stopniowo zmniejszamy ilo\u015b\u0107 terapii ruchu. Nie znaczy to \u017ce Mi\u0142osz jej nie potrzebuje. Na dzisiaj wystarcz\u0105 mu \u0107wiczenia z tat\u0105 i kontrola fizjoterapeutyczna. Ch\u0142opcy radz\u0105 sobie \u015bwietnie i nawet zim\u0105 forma naszego syna utrzymuje si\u0119 na wysokim poziomie. Dlatego od d\u0142u\u017cszego czasu naszym priorytetem s\u0105 zaj\u0119cia z neurologoped\u0105. Ten d\u0142u\u017cszy czas trwa ju\u017c trzy lata bo od stycznia 2016. To w\u0142a\u015bnie wtedy Mi\u0142osz zosta\u0142 obj\u0119ty terapi\u0105 logopedyczn\u0105. Dzisiaj to a\u017c 150 minut tygodniowo. Opr\u00f3cz tego \u0107wiczymy intensywnie w domu.\u00a0Aktualnie jeste\u015bmy w fazie wywo\u0142ywania g\u0142osek szeregu szumi\u0105cego. Mi\u0142osz radzi sobie z ich wymow\u0105 robi\u0105c tak zwany ryjek z ust.\u00a0Aby pom\u00f3c dziecku w opanowaniu tych g\u0142osek jak najcz\u0119\u015bciej proponuj\u0119 mu\u00a0zabawy i \u0107wiczenia maj\u0105ce na celu usprawnienie motoryki narz\u0105d\u00f3w mowy (warg, j\u0119zyka)\u00a0oraz \u0107wiczenia oddechowe. To \u017cmudna praca, kt\u00f3ra z pewno\u015bci\u0105 potrwa d\u0142ugo.<\/p>\n","protected":false},"excerpt":{"rendered":"<p>Codzienno\u015b\u0107 Mi\u0142osza wype\u0142niona jest rehabilitacj\u0105 i terapi\u0105. Stopniowo zmniejszamy ilo\u015b\u0107 terapii ruchu. Nie znaczy to \u017ce Mi\u0142osz jej nie potrzebuje. Na dzisiaj wystarcz\u0105 mu \u0107wiczenia z tat\u0105 i kontrola fizjoterapeutyczna. Ch\u0142opcy radz\u0105 sobie \u015bwietnie i nawet zim\u0105 forma naszego syna utrzymuje si\u0119 na wysokim poziomie. <\/p>\n","protected":false},"author":1,"featured_media":986,"comment_status":"open","ping_status":"open","sticky":false,"template":"","format":"standard","meta":{"footnotes":""},"categories":[4],"tags":[],"class_list":["post-985","post","type-post","status-publish","format-standard","has-post-thumbnail","hentry","category-blog"],"_links":{"self":[{"href":"https:\/\/gorydlamilosza.pl\/index.php\/wp-json\/wp\/v2\/posts\/985","targetHints":{"allow":["GET"]}}],"collection":[{"href":"https:\/\/gorydlamilosza.pl\/index.php\/wp-json\/wp\/v2\/posts"}],"about":[{"href":"https:\/\/gorydlamilosza.pl\/index.php\/wp-json\/wp\/v2\/types\/post"}],"author":[{"embeddable":true,"href":"https:\/\/gorydlamilosza.pl\/index.php\/wp-json\/wp\/v2\/users\/1"}],"replies":[{"embeddable":true,"href":"https:\/\/gorydlamilosza.pl\/index.php\/wp-json\/wp\/v2\/comments?post=985"}],"version-history":[{"count":1,"href":"https:\/\/gorydlamilosza.pl\/index.php\/wp-json\/wp\/v2\/posts\/985\/revisions"}],"predecessor-version":[{"id":987,"href":"https:\/\/gorydlamilosza.pl\/index.php\/wp-json\/wp\/v2\/posts\/985\/revisions\/987"}],"wp:featuredmedia":[{"embeddable":true,"href":"https:\/\/gorydlamilosza.pl\/index.php\/wp-json\/wp\/v2\/media\/986"}],"wp:attachment":[{"href":"https:\/\/gorydlamilosza.pl\/index.php\/wp-json\/wp\/v2\/media?parent=985"}],"wp:term":[{"taxonomy":"category","embeddable":true,"href":"https:\/\/gorydlamilosza.pl\/index.php\/wp-json\/wp\/v2\/categories?post=985"},{"taxonomy":"post_tag","embeddable":true,"href":"https:\/\/gorydlamilosza.pl\/index.php\/wp-json\/wp\/v2\/tags?post=985"}],"curies":[{"name":"wp","href":"https:\/\/api.w.org\/{rel}","templated":true}]}}